{"id":16097,"date":"2022-10-26T10:28:44","date_gmt":"2022-10-26T08:28:44","guid":{"rendered":"https:\/\/www.komedija.hr\/www\/?p=16097"},"modified":"2022-10-26T10:28:44","modified_gmt":"2022-10-26T08:28:44","slug":"cabaret-zagrepcanke-i-staticar-na-gostovanjima-u-puli-i-splitu","status":"publish","type":"post","link":"https:\/\/www.komedija.hr\/www\/cabaret-zagrepcanke-i-staticar-na-gostovanjima-u-puli-i-splitu\/","title":{"rendered":"&#8220;Cabaret Zagrep\u010danke i stati\u010dar&#8221; na gostovanjima u Puli i Splitu!"},"content":{"rendered":"<p>Na\u0161 pro\u0161losezonski hit <a href=\"https:\/\/www.komedija.hr\/www\/repertoar\/zagrepcanke-i-staticar\/\"><strong>CABARET ZAGREP\u010cANKE I STATI\u010cAR <\/strong><\/a>autora i redatelja <strong>Ivana Lea Leme<\/strong> nakon vrlo uspje\u0161nog puta u Be\u010d nastavlja s gostovanjima natrag u Hrvatskoj: na redu su <strong>Pula<\/strong> i <strong>Split<\/strong>!<\/p>\n<p><strong>26. listopada u 20 sati<\/strong> predstava \u0107e se odr\u017eati u <strong>INK Pula<\/strong>, a <strong>27. listopada u 20 sati<\/strong> u <strong>Dvorani Lora u Splitu<\/strong>, u sklopu festivala Teatar uz more.<\/p>\n<p>Autorski tim uz redatelja i autora Ivana Lea Lemu \u010dine koreograf <strong>Leo Muji\u0107<\/strong>, scenografkinja<strong> Vesna Re\u017ei\u0107<\/strong>, kostimografkinja <strong>Mirjana Zagorec<\/strong>, te &nbsp;skladatelj <strong>Zvonimir Dusper Dus<\/strong>, a glume&nbsp;<a href=\"https:\/\/www.komedija.hr\/www\/ansambl-2\/glumci\/elegovic-mila\/\"><strong>Mila Elegovi\u0107<\/strong><\/a>,&nbsp;<a href=\"https:\/\/www.komedija.hr\/www\/ansambl-2\/glumci\/nera-stipicevic\/\"><strong>Nera Stipi\u010devi\u0107<\/strong><\/a>,&nbsp;<a href=\"https:\/\/www.komedija.hr\/www\/ansambl-2\/glumci\/ivona-kundert\/\"><strong>Ivona Kundert<\/strong><\/a>,&nbsp;<a href=\"https:\/\/www.komedija.hr\/www\/ansambl-2\/glumci\/kaic-nina\/\"><strong>Nina Kai\u0107 Madi\u0107<\/strong><\/a>&nbsp;i&nbsp;<a href=\"https:\/\/www.komedija.hr\/www\/ansambl-2\/glumci\/fabijan-pavao-medvesek\/\"><strong>Fabijan Pavao Medve\u0161ek<\/strong><\/a>.<\/p>\n<p>Ivan Leo Lemo o predstavi ka\u017ee: \u201cVrlo je jednostavna svrha ove predstave i ne \u017eelim je opisivati pretenciozno. Mislim da nije pretjerano re\u0107i da svi oni koji su do\u017eivjeli nedavne potrese u na\u0161oj zemlji pate od simptoma posttraumatskog stresnog poreme\u0107aja. Ovaj na\u0161 cabaret poku\u0161ava, barem donekle, raspuhati taj oblak straha, strepnje, neugodnog sje\u0107anja i \u0161oka upisanog u potresena tijela, rastresene umove i protresene zidove. Sudbine u elementarnim nepogodama, na\u0111u se na raskr\u0161\u0107u izme\u0111u dotada\u0161njih rutina i nekih novih ruta. Karmi\u010dki gledano, nepovoljne okolnosti nisu slu\u010dajne, a \u0161to su ve\u0107e, to je i lekcija koja nam iz njih proizlazi va\u017enija. Ka\u017eu ljudi, nije svako zlo za zlo. Znam da to zvu\u010di kao izlizana fraza, ali iskustvo ovog potresa uvjerilo me u istinitost ove poslovice.\u201d<\/p>\n","protected":false},"excerpt":{"rendered":"<p>Na\u0161 pro\u0161losezonski hit CABARET ZAGREP\u010cANKE I STATI\u010cAR autora i redatelja Ivana Lea Leme nakon vrlo uspje\u0161nog puta u Be\u010d nastavlja s gostovanjima natrag u Hrvatskoj: na redu su Pula i Split! 26. listopada u 20 sati predstava \u0107e se odr\u017eati u INK Pula, a 27. listopada u 20 sati u Dvorani Lora u Splitu, u [&hellip;]<\/p>\n","protected":false},"author":3,"featured_media":16099,"comment_status":"closed","ping_status":"open","sticky":false,"template":"","format":"standard","meta":{"ngg_post_thumbnail":0,"footnotes":""},"categories":[24],"tags":[],"class_list":["post-16097","post","type-post","status-publish","format-standard","has-post-thumbnail","hentry","category-novosti"],"yoast_head":"<!-- This site is optimized with the Yoast SEO plugin v27.5 - https:\/\/yoast.com\/product\/yoast-seo-wordpress\/ -->\n<title>&quot;Cabaret Zagrep\u010danke i stati\u010dar&quot; na gostovanjima u Puli i Splitu! - Kazali\u0161te Komedija<\/title>\n<meta name=\"robots\" content=\"index, follow, max-snippet:-1, max-image-preview:large, max-video-preview:-1\" \/>\n<link rel=\"canonical\" href=\"https:\/\/www.komedija.hr\/www\/cabaret-zagrepcanke-i-staticar-na-gostovanjima-u-puli-i-splitu\/\" \/>\n<meta property=\"og:locale\" content=\"hr_HR\" \/>\n<meta property=\"og:type\" content=\"article\" \/>\n<meta property=\"og:title\" content=\"&quot;Cabaret Zagrep\u010danke i stati\u010dar&quot; na gostovanjima u Puli i Splitu! - Kazali\u0161te Komedija\" \/>\n<meta property=\"og:description\" content=\"Na\u0161 pro\u0161losezonski hit CABARET ZAGREP\u010cANKE I STATI\u010cAR autora i redatelja Ivana Lea Leme nakon vrlo uspje\u0161nog puta u Be\u010d nastavlja s gostovanjima natrag u Hrvatskoj: na redu su Pula i Split! 26. listopada u 20 sati predstava \u0107e se odr\u017eati u INK Pula, a 27. listopada u 20 sati u Dvorani Lora u Splitu, u [&hellip;]\" \/>\n<meta property=\"og:url\" content=\"https:\/\/www.komedija.hr\/www\/cabaret-zagrepcanke-i-staticar-na-gostovanjima-u-puli-i-splitu\/\" \/>\n<meta property=\"og:site_name\" content=\"Kazali\u0161te Komedija\" \/>\n<meta property=\"article:publisher\" content=\"https:\/\/www.facebook.com\/kazaliste.komedija\/\" \/>\n<meta property=\"article:published_time\" content=\"2022-10-26T08:28:44+00:00\" \/>\n<meta property=\"og:image\" content=\"https:\/\/www.komedija.hr\/www\/wp-content\/uploads\/2022\/10\/N22_3004-scaled.jpg\" \/>\n\t<meta property=\"og:image:width\" content=\"2560\" \/>\n\t<meta property=\"og:image:height\" content=\"1707\" \/>\n\t<meta property=\"og:image:type\" content=\"image\/jpeg\" \/>\n<meta name=\"author\" content=\"Kazali\u0161te Komedija\" \/>\n<meta name=\"twitter:card\" content=\"summary_large_image\" \/>\n<meta name=\"twitter:creator\" content=\"@KKomedija\" \/>\n<meta name=\"twitter:site\" content=\"@KKomedija\" \/>\n<meta name=\"twitter:label1\" content=\"Napisao\/la\" \/>\n\t<meta name=\"twitter:data1\" content=\"Kazali\u0161te Komedija\" \/>\n\t<meta name=\"twitter:label2\" content=\"Procijenjeno vrijeme \u010ditanja\" \/>\n\t<meta name=\"twitter:data2\" content=\"2 minute\" \/>\n<script type=\"application\/ld+json\" class=\"yoast-schema-graph\">{\"@context\":\"https:\\\/\\\/schema.org\",\"@graph\":[{\"@type\":\"Article\",\"@id\":\"https:\\\/\\\/www.komedija.hr\\\/www\\\/cabaret-zagrepcanke-i-staticar-na-gostovanjima-u-puli-i-splitu\\\/#article\",\"isPartOf\":{\"@id\":\"https:\\\/\\\/www.komedija.hr\\\/www\\\/cabaret-zagrepcanke-i-staticar-na-gostovanjima-u-puli-i-splitu\\\/\"},\"author\":{\"name\":\"Kazali\u0161te Komedija\",\"@id\":\"http:\\\/\\\/www.komedija.hr\\\/www\\\/#\\\/schema\\\/person\\\/25cba2214161bcd4d228413098baf36a\"},\"headline\":\"&#8220;Cabaret Zagrep\u010danke i stati\u010dar&#8221; na gostovanjima u Puli i Splitu!\",\"datePublished\":\"2022-10-26T08:28:44+00:00\",\"mainEntityOfPage\":{\"@id\":\"https:\\\/\\\/www.komedija.hr\\\/www\\\/cabaret-zagrepcanke-i-staticar-na-gostovanjima-u-puli-i-splitu\\\/\"},\"wordCount\":262,\"publisher\":{\"@id\":\"http:\\\/\\\/www.komedija.hr\\\/www\\\/#organization\"},\"image\":{\"@id\":\"https:\\\/\\\/www.komedija.hr\\\/www\\\/cabaret-zagrepcanke-i-staticar-na-gostovanjima-u-puli-i-splitu\\\/#primaryimage\"},\"thumbnailUrl\":\"https:\\\/\\\/www.komedija.hr\\\/www\\\/wp-content\\\/uploads\\\/2022\\\/10\\\/N22_3004-scaled.jpg\",\"articleSection\":[\"Novosti\"],\"inLanguage\":\"hr\"},{\"@type\":\"WebPage\",\"@id\":\"https:\\\/\\\/www.komedija.hr\\\/www\\\/cabaret-zagrepcanke-i-staticar-na-gostovanjima-u-puli-i-splitu\\\/\",\"url\":\"https:\\\/\\\/www.komedija.hr\\\/www\\\/cabaret-zagrepcanke-i-staticar-na-gostovanjima-u-puli-i-splitu\\\/\",\"name\":\"\\\"Cabaret Zagrep\u010danke i stati\u010dar\\\" na gostovanjima u Puli i Splitu! - Kazali\u0161te Komedija\",\"isPartOf\":{\"@id\":\"http:\\\/\\\/www.komedija.hr\\\/www\\\/#website\"},\"primaryImageOfPage\":{\"@id\":\"https:\\\/\\\/www.komedija.hr\\\/www\\\/cabaret-zagrepcanke-i-staticar-na-gostovanjima-u-puli-i-splitu\\\/#primaryimage\"},\"image\":{\"@id\":\"https:\\\/\\\/www.komedija.hr\\\/www\\\/cabaret-zagrepcanke-i-staticar-na-gostovanjima-u-puli-i-splitu\\\/#primaryimage\"},\"thumbnailUrl\":\"https:\\\/\\\/www.komedija.hr\\\/www\\\/wp-content\\\/uploads\\\/2022\\\/10\\\/N22_3004-scaled.jpg\",\"datePublished\":\"2022-10-26T08:28:44+00:00\",\"breadcrumb\":{\"@id\":\"https:\\\/\\\/www.komedija.hr\\\/www\\\/cabaret-zagrepcanke-i-staticar-na-gostovanjima-u-puli-i-splitu\\\/#breadcrumb\"},\"inLanguage\":\"hr\",\"potentialAction\":[{\"@type\":\"ReadAction\",\"target\":[\"https:\\\/\\\/www.komedija.hr\\\/www\\\/cabaret-zagrepcanke-i-staticar-na-gostovanjima-u-puli-i-splitu\\\/\"]}]},{\"@type\":\"ImageObject\",\"inLanguage\":\"hr\",\"@id\":\"https:\\\/\\\/www.komedija.hr\\\/www\\\/cabaret-zagrepcanke-i-staticar-na-gostovanjima-u-puli-i-splitu\\\/#primaryimage\",\"url\":\"https:\\\/\\\/www.komedija.hr\\\/www\\\/wp-content\\\/uploads\\\/2022\\\/10\\\/N22_3004-scaled.jpg\",\"contentUrl\":\"https:\\\/\\\/www.komedija.hr\\\/www\\\/wp-content\\\/uploads\\\/2022\\\/10\\\/N22_3004-scaled.jpg\",\"width\":2560,\"height\":1707},{\"@type\":\"BreadcrumbList\",\"@id\":\"https:\\\/\\\/www.komedija.hr\\\/www\\\/cabaret-zagrepcanke-i-staticar-na-gostovanjima-u-puli-i-splitu\\\/#breadcrumb\",\"itemListElement\":[{\"@type\":\"ListItem\",\"position\":1,\"name\":\"Po\u010detna stranica\",\"item\":\"http:\\\/\\\/www.komedija.hr\\\/www\\\/\"},{\"@type\":\"ListItem\",\"position\":2,\"name\":\"&#8220;Cabaret Zagrep\u010danke i stati\u010dar&#8221; na gostovanjima u Puli i Splitu!\"}]},{\"@type\":\"WebSite\",\"@id\":\"http:\\\/\\\/www.komedija.hr\\\/www\\\/#website\",\"url\":\"http:\\\/\\\/www.komedija.hr\\\/www\\\/\",\"name\":\"Kazali\u0161te Komedija\",\"description\":\"\",\"publisher\":{\"@id\":\"http:\\\/\\\/www.komedija.hr\\\/www\\\/#organization\"},\"potentialAction\":[{\"@type\":\"SearchAction\",\"target\":{\"@type\":\"EntryPoint\",\"urlTemplate\":\"http:\\\/\\\/www.komedija.hr\\\/www\\\/?s={search_term_string}\"},\"query-input\":{\"@type\":\"PropertyValueSpecification\",\"valueRequired\":true,\"valueName\":\"search_term_string\"}}],\"inLanguage\":\"hr\"},{\"@type\":\"Organization\",\"@id\":\"http:\\\/\\\/www.komedija.hr\\\/www\\\/#organization\",\"name\":\"Zagreba\u010dko gradsko Kazali\u0161ta Komedija\",\"url\":\"http:\\\/\\\/www.komedija.hr\\\/www\\\/\",\"logo\":{\"@type\":\"ImageObject\",\"inLanguage\":\"hr\",\"@id\":\"http:\\\/\\\/www.komedija.hr\\\/www\\\/#\\\/schema\\\/logo\\\/image\\\/\",\"url\":\"https:\\\/\\\/www.komedija.hr\\\/www\\\/wp-content\\\/uploads\\\/2020\\\/02\\\/cropped-Kazaliste_Komedija_logo_2.png\",\"contentUrl\":\"https:\\\/\\\/www.komedija.hr\\\/www\\\/wp-content\\\/uploads\\\/2020\\\/02\\\/cropped-Kazaliste_Komedija_logo_2.png\",\"width\":512,\"height\":512,\"caption\":\"Zagreba\u010dko gradsko Kazali\u0161ta Komedija\"},\"image\":{\"@id\":\"http:\\\/\\\/www.komedija.hr\\\/www\\\/#\\\/schema\\\/logo\\\/image\\\/\"},\"sameAs\":[\"https:\\\/\\\/www.facebook.com\\\/kazaliste.komedija\\\/\",\"https:\\\/\\\/x.com\\\/KKomedija\",\"https:\\\/\\\/www.instagram.com\\\/kazaliste_komedija\\\/\",\"https:\\\/\\\/www.youtube.com\\\/channel\\\/UC1NcapMYUXJW3miW_oPxT5w\\\/videos\"]},{\"@type\":\"Person\",\"@id\":\"http:\\\/\\\/www.komedija.hr\\\/www\\\/#\\\/schema\\\/person\\\/25cba2214161bcd4d228413098baf36a\",\"name\":\"Kazali\u0161te Komedija\",\"image\":{\"@type\":\"ImageObject\",\"inLanguage\":\"hr\",\"@id\":\"https:\\\/\\\/secure.gravatar.com\\\/avatar\\\/2e874f00a23ed95fd71fd72ab2e25aa69e6119c3c441f8645a8276fa13e03c0e?s=96&d=mm&r=g\",\"url\":\"https:\\\/\\\/secure.gravatar.com\\\/avatar\\\/2e874f00a23ed95fd71fd72ab2e25aa69e6119c3c441f8645a8276fa13e03c0e?s=96&d=mm&r=g\",\"contentUrl\":\"https:\\\/\\\/secure.gravatar.com\\\/avatar\\\/2e874f00a23ed95fd71fd72ab2e25aa69e6119c3c441f8645a8276fa13e03c0e?s=96&d=mm&r=g\",\"caption\":\"Kazali\u0161te Komedija\"},\"url\":\"https:\\\/\\\/www.komedija.hr\\\/www\\\/author\\\/komedija\\\/\"}]}<\/script>\n<!-- \/ Yoast SEO plugin. -->","yoast_head_json":{"title":"\"Cabaret Zagrep\u010danke i stati\u010dar\" na gostovanjima u Puli i Splitu! - Kazali\u0161te Komedija","robots":{"index":"index","follow":"follow","max-snippet":"max-snippet:-1","max-image-preview":"max-image-preview:large","max-video-preview":"max-video-preview:-1"},"canonical":"https:\/\/www.komedija.hr\/www\/cabaret-zagrepcanke-i-staticar-na-gostovanjima-u-puli-i-splitu\/","og_locale":"hr_HR","og_type":"article","og_title":"\"Cabaret Zagrep\u010danke i stati\u010dar\" na gostovanjima u Puli i Splitu! - Kazali\u0161te Komedija","og_description":"Na\u0161 pro\u0161losezonski hit CABARET ZAGREP\u010cANKE I STATI\u010cAR autora i redatelja Ivana Lea Leme nakon vrlo uspje\u0161nog puta u Be\u010d nastavlja s gostovanjima natrag u Hrvatskoj: na redu su Pula i Split! 26. listopada u 20 sati predstava \u0107e se odr\u017eati u INK Pula, a 27. listopada u 20 sati u Dvorani Lora u Splitu, u [&hellip;]","og_url":"https:\/\/www.komedija.hr\/www\/cabaret-zagrepcanke-i-staticar-na-gostovanjima-u-puli-i-splitu\/","og_site_name":"Kazali\u0161te Komedija","article_publisher":"https:\/\/www.facebook.com\/kazaliste.komedija\/","article_published_time":"2022-10-26T08:28:44+00:00","og_image":[{"width":2560,"height":1707,"url":"https:\/\/www.komedija.hr\/www\/wp-content\/uploads\/2022\/10\/N22_3004-scaled.jpg","type":"image\/jpeg"}],"author":"Kazali\u0161te Komedija","twitter_card":"summary_large_image","twitter_creator":"@KKomedija","twitter_site":"@KKomedija","twitter_misc":{"Napisao\/la":"Kazali\u0161te Komedija","Procijenjeno vrijeme \u010ditanja":"2 minute"},"schema":{"@context":"https:\/\/schema.org","@graph":[{"@type":"Article","@id":"https:\/\/www.komedija.hr\/www\/cabaret-zagrepcanke-i-staticar-na-gostovanjima-u-puli-i-splitu\/#article","isPartOf":{"@id":"https:\/\/www.komedija.hr\/www\/cabaret-zagrepcanke-i-staticar-na-gostovanjima-u-puli-i-splitu\/"},"author":{"name":"Kazali\u0161te Komedija","@id":"http:\/\/www.komedija.hr\/www\/#\/schema\/person\/25cba2214161bcd4d228413098baf36a"},"headline":"&#8220;Cabaret Zagrep\u010danke i stati\u010dar&#8221; na gostovanjima u Puli i Splitu!","datePublished":"2022-10-26T08:28:44+00:00","mainEntityOfPage":{"@id":"https:\/\/www.komedija.hr\/www\/cabaret-zagrepcanke-i-staticar-na-gostovanjima-u-puli-i-splitu\/"},"wordCount":262,"publisher":{"@id":"http:\/\/www.komedija.hr\/www\/#organization"},"image":{"@id":"https:\/\/www.komedija.hr\/www\/cabaret-zagrepcanke-i-staticar-na-gostovanjima-u-puli-i-splitu\/#primaryimage"},"thumbnailUrl":"https:\/\/www.komedija.hr\/www\/wp-content\/uploads\/2022\/10\/N22_3004-scaled.jpg","articleSection":["Novosti"],"inLanguage":"hr"},{"@type":"WebPage","@id":"https:\/\/www.komedija.hr\/www\/cabaret-zagrepcanke-i-staticar-na-gostovanjima-u-puli-i-splitu\/","url":"https:\/\/www.komedija.hr\/www\/cabaret-zagrepcanke-i-staticar-na-gostovanjima-u-puli-i-splitu\/","name":"\"Cabaret Zagrep\u010danke i stati\u010dar\" na gostovanjima u Puli i Splitu! - Kazali\u0161te Komedija","isPartOf":{"@id":"http:\/\/www.komedija.hr\/www\/#website"},"primaryImageOfPage":{"@id":"https:\/\/www.komedija.hr\/www\/cabaret-zagrepcanke-i-staticar-na-gostovanjima-u-puli-i-splitu\/#primaryimage"},"image":{"@id":"https:\/\/www.komedija.hr\/www\/cabaret-zagrepcanke-i-staticar-na-gostovanjima-u-puli-i-splitu\/#primaryimage"},"thumbnailUrl":"https:\/\/www.komedija.hr\/www\/wp-content\/uploads\/2022\/10\/N22_3004-scaled.jpg","datePublished":"2022-10-26T08:28:44+00:00","breadcrumb":{"@id":"https:\/\/www.komedija.hr\/www\/cabaret-zagrepcanke-i-staticar-na-gostovanjima-u-puli-i-splitu\/#breadcrumb"},"inLanguage":"hr","potentialAction":[{"@type":"ReadAction","target":["https:\/\/www.komedija.hr\/www\/cabaret-zagrepcanke-i-staticar-na-gostovanjima-u-puli-i-splitu\/"]}]},{"@type":"ImageObject","inLanguage":"hr","@id":"https:\/\/www.komedija.hr\/www\/cabaret-zagrepcanke-i-staticar-na-gostovanjima-u-puli-i-splitu\/#primaryimage","url":"https:\/\/www.komedija.hr\/www\/wp-content\/uploads\/2022\/10\/N22_3004-scaled.jpg","contentUrl":"https:\/\/www.komedija.hr\/www\/wp-content\/uploads\/2022\/10\/N22_3004-scaled.jpg","width":2560,"height":1707},{"@type":"BreadcrumbList","@id":"https:\/\/www.komedija.hr\/www\/cabaret-zagrepcanke-i-staticar-na-gostovanjima-u-puli-i-splitu\/#breadcrumb","itemListElement":[{"@type":"ListItem","position":1,"name":"Po\u010detna stranica","item":"http:\/\/www.komedija.hr\/www\/"},{"@type":"ListItem","position":2,"name":"&#8220;Cabaret Zagrep\u010danke i stati\u010dar&#8221; na gostovanjima u Puli i Splitu!"}]},{"@type":"WebSite","@id":"http:\/\/www.komedija.hr\/www\/#website","url":"http:\/\/www.komedija.hr\/www\/","name":"Kazali\u0161te Komedija","description":"","publisher":{"@id":"http:\/\/www.komedija.hr\/www\/#organization"},"potentialAction":[{"@type":"SearchAction","target":{"@type":"EntryPoint","urlTemplate":"http:\/\/www.komedija.hr\/www\/?s={search_term_string}"},"query-input":{"@type":"PropertyValueSpecification","valueRequired":true,"valueName":"search_term_string"}}],"inLanguage":"hr"},{"@type":"Organization","@id":"http:\/\/www.komedija.hr\/www\/#organization","name":"Zagreba\u010dko gradsko Kazali\u0161ta Komedija","url":"http:\/\/www.komedija.hr\/www\/","logo":{"@type":"ImageObject","inLanguage":"hr","@id":"http:\/\/www.komedija.hr\/www\/#\/schema\/logo\/image\/","url":"https:\/\/www.komedija.hr\/www\/wp-content\/uploads\/2020\/02\/cropped-Kazaliste_Komedija_logo_2.png","contentUrl":"https:\/\/www.komedija.hr\/www\/wp-content\/uploads\/2020\/02\/cropped-Kazaliste_Komedija_logo_2.png","width":512,"height":512,"caption":"Zagreba\u010dko gradsko Kazali\u0161ta Komedija"},"image":{"@id":"http:\/\/www.komedija.hr\/www\/#\/schema\/logo\/image\/"},"sameAs":["https:\/\/www.facebook.com\/kazaliste.komedija\/","https:\/\/x.com\/KKomedija","https:\/\/www.instagram.com\/kazaliste_komedija\/","https:\/\/www.youtube.com\/channel\/UC1NcapMYUXJW3miW_oPxT5w\/videos"]},{"@type":"Person","@id":"http:\/\/www.komedija.hr\/www\/#\/schema\/person\/25cba2214161bcd4d228413098baf36a","name":"Kazali\u0161te Komedija","image":{"@type":"ImageObject","inLanguage":"hr","@id":"https:\/\/secure.gravatar.com\/avatar\/2e874f00a23ed95fd71fd72ab2e25aa69e6119c3c441f8645a8276fa13e03c0e?s=96&d=mm&r=g","url":"https:\/\/secure.gravatar.com\/avatar\/2e874f00a23ed95fd71fd72ab2e25aa69e6119c3c441f8645a8276fa13e03c0e?s=96&d=mm&r=g","contentUrl":"https:\/\/secure.gravatar.com\/avatar\/2e874f00a23ed95fd71fd72ab2e25aa69e6119c3c441f8645a8276fa13e03c0e?s=96&d=mm&r=g","caption":"Kazali\u0161te Komedija"},"url":"https:\/\/www.komedija.hr\/www\/author\/komedija\/"}]}},"_links":{"self":[{"href":"https:\/\/www.komedija.hr\/www\/wp-json\/wp\/v2\/posts\/16097","targetHints":{"allow":["GET"]}}],"collection":[{"href":"https:\/\/www.komedija.hr\/www\/wp-json\/wp\/v2\/posts"}],"about":[{"href":"https:\/\/www.komedija.hr\/www\/wp-json\/wp\/v2\/types\/post"}],"author":[{"embeddable":true,"href":"https:\/\/www.komedija.hr\/www\/wp-json\/wp\/v2\/users\/3"}],"replies":[{"embeddable":true,"href":"https:\/\/www.komedija.hr\/www\/wp-json\/wp\/v2\/comments?post=16097"}],"version-history":[{"count":0,"href":"https:\/\/www.komedija.hr\/www\/wp-json\/wp\/v2\/posts\/16097\/revisions"}],"wp:featuredmedia":[{"embeddable":true,"href":"https:\/\/www.komedija.hr\/www\/wp-json\/wp\/v2\/media\/16099"}],"wp:attachment":[{"href":"https:\/\/www.komedija.hr\/www\/wp-json\/wp\/v2\/media?parent=16097"}],"wp:term":[{"taxonomy":"category","embeddable":true,"href":"https:\/\/www.komedija.hr\/www\/wp-json\/wp\/v2\/categories?post=16097"},{"taxonomy":"post_tag","embeddable":true,"href":"https:\/\/www.komedija.hr\/www\/wp-json\/wp\/v2\/tags?post=16097"}],"curies":[{"name":"wp","href":"https:\/\/api.w.org\/{rel}","templated":true}]}}