{"id":16663,"date":"2023-02-14T15:05:00","date_gmt":"2023-02-14T14:05:00","guid":{"rendered":"https:\/\/www.komedija.hr\/www\/?p=16663"},"modified":"2023-03-01T16:46:35","modified_gmt":"2023-03-01T15:46:35","slug":"u-klubu-kazalista-komedija-odrzana-svecana-premijera-glazbeno-poetske-predstave-kaj-je-ljubav","status":"publish","type":"post","link":"https:\/\/www.komedija.hr\/www\/u-klubu-kazalista-komedija-odrzana-svecana-premijera-glazbeno-poetske-predstave-kaj-je-ljubav\/","title":{"rendered":"U KLUBU KAZALI\u0160TA KOMEDIJA ODR\u017dANA SVE\u010cANA PREMIJERA GLAZBENO-POETSKE PREDSTAVE \u201cKAJ JE LJUBAV\u201d"},"content":{"rendered":"<h3><img decoding=\"async\" class=\"size-medium wp-image-16724 alignleft\" src=\"https:\/\/www.komedija.hr\/www\/wp-content\/uploads\/2023\/02\/Kaj-je-ljubav_premijera_Adam-Koncic-2-300x200.jpg\" alt=\"\" width=\"300\" height=\"200\" srcset=\"https:\/\/www.komedija.hr\/www\/wp-content\/uploads\/2023\/02\/Kaj-je-ljubav_premijera_Adam-Koncic-2-300x200.jpg 300w, https:\/\/www.komedija.hr\/www\/wp-content\/uploads\/2023\/02\/Kaj-je-ljubav_premijera_Adam-Koncic-2-1024x683.jpg 1024w, https:\/\/www.komedija.hr\/www\/wp-content\/uploads\/2023\/02\/Kaj-je-ljubav_premijera_Adam-Koncic-2-768x512.jpg 768w, https:\/\/www.komedija.hr\/www\/wp-content\/uploads\/2023\/02\/Kaj-je-ljubav_premijera_Adam-Koncic-2-1536x1024.jpg 1536w, https:\/\/www.komedija.hr\/www\/wp-content\/uploads\/2023\/02\/Kaj-je-ljubav_premijera_Adam-Koncic-2-2048x1365.jpg 2048w, https:\/\/www.komedija.hr\/www\/wp-content\/uploads\/2023\/02\/Kaj-je-ljubav_premijera_Adam-Koncic-2-1320x880.jpg 1320w\" sizes=\"(max-width: 300px) 100vw, 300px\" \/>Zagreb, 14. velja\u010de 2023. \u2013 U punom Klubu Kazali\u0161ta Komedija sino\u0107 je odr\u017eana sve\u010dana premijera glazbeno-poetske predstave \u201cKaj je ljubav\u201d autora <strong>Adama Kon\u010d<\/strong>i\u0107a u izvo\u0111enju Adama Kon\u010di\u0107a te \u010detvorice \u010dlanova orkestra Kazali\u0161ta Komedija: <strong>Tomislava Parma\u0107a<\/strong> na klaviru, <strong>Alana Dovi\u0107a<\/strong> na gitari, <strong>Petra Haluze<\/strong> na violini i <strong>Vinka Grube\u0161i\u0107a<\/strong> na violon\u010delu.<\/h3>\n<p>U predstavi su izvedene pjesme suvremenih autora, od kojih su neki i nazo\u010dili premijeri: Tomislav Goluban, Kre\u0161imir Kon\u010devski, Adalbert Turner, Ladislav Pre\u017eigalo, Zvonko Kudeli\u0107, \u017deljko Krznari\u0107, a doga\u0111aju su nazo\u010dile i brojne osobe iz javnog i kulturnog \u017eivota.<\/p>\n<p>O svom autorskom djelu <strong>Adam Kon\u010di\u0107<\/strong> govori: No\u0161en iskustvima igranja u rijetkoj kazali\u0161noj formi \u2013 kabareu, od onog debitantskog iz 2001. godine \u2013 <em>Cabaret ITD<\/em>, preko <em>histrionsko-opatovinskih<\/em> sve do dvaju u vlastitoj produkciji (<em>No\u0107as \u0107u&#8230;<\/em> i&nbsp; <em>Adam i ona<\/em>), igraju\u0107i ih tijekom protekla dva desetlje\u0107a na zagreba\u010dkim, ali i pozornicama \u0161irom Hrvatske, odlu\u010dio sam se na novi, suvremeni glazbeno-poetski uradak. Radnja predstave, za razliku od prvih dvaju gore spomenutih autorskih kabarea, smje\u0161tena je u dana\u0161nje vrijeme. Urbani prostor Zagreba, Krapine, Vara\u017edina&#8230; u kojem se jo\u0161 uvijek mogu osjetiti srame\u017eljivi proplamsaji kajkavskog govora sa svim njegovim prilagodbama vremenu u kojem, mada stidljivo, ali jo\u0161 uvijek ponosno \u017eivi!<\/p>\n<p>Glazbene numere na kajkavskom jeziku od kojih su neke poznatije, a neke tek trebaju afirmaciju, potpisuju autori ro\u0111enjem kajkavci, ve\u0107ina ih moji dragi prijatelji. Ovdje naravno le\u017ei odgovor na pitanje za\u0161to u naslovu predstave nema upitnika. Za ovu priliku pomno je odabran vrhunski kvartet mojih kolega glazbenika iz orkestra na\u0161e Komedije.<\/p>\n<p>Ova predstava vje\u0161to koketira s kabaretskom formom donose\u0107i i \u017eivu\u0107e autore&nbsp; ljubavne poezije \u010dije stihove dijelim s publikom daju\u0107i ponovno posvetu ljep\u0161em spolu. \u010cut \u0107ete i pokoji kajkavski ovovremeni \u201e\u0161tiklec\u201c tematski tako\u0111er vezan uz vje\u010dno inspirativni i intrigantni mu\u0161ko-\u017eenski odnos.<\/p>\n<p>Ulaznice za izvedbe u velja\u010di i o\u017eujku su u prodaji na blagajnama Kazali\u0161ta i u sustavu <a href=\"https:\/\/www.ulaznice.hr\/web\/regular\/17807429\"><strong>ulaznice.hr<\/strong><\/a>.<\/p>\n<p>Pogledajte fotografije s premijere!<br \/>\nFotografkinja: Ines Novkovi\u0107<\/p>\nngg_shortcode_0_placeholder\n","protected":false},"excerpt":{"rendered":"<p>Zagreb, 14. velja\u010de 2023. \u2013 U punom Klubu Kazali\u0161ta Komedija sino\u0107 je odr\u017eana sve\u010dana premijera glazbeno-poetske predstave \u201cKaj je ljubav\u201d autora Adama Kon\u010di\u0107a u izvo\u0111enju Adama Kon\u010di\u0107a te \u010detvorice \u010dlanova orkestra Kazali\u0161ta Komedija: Tomislava Parma\u0107a na klaviru, Alana Dovi\u0107a na gitari, Petra Haluze na violini i Vinka Grube\u0161i\u0107a na violon\u010delu. U predstavi su izvedene pjesme [&hellip;]<\/p>\n","protected":false},"author":5,"featured_media":16664,"comment_status":"closed","ping_status":"open","sticky":false,"template":"","format":"standard","meta":{"ngg_post_thumbnail":0,"footnotes":""},"categories":[228,24],"tags":[],"class_list":["post-16663","post","type-post","status-publish","format-standard","has-post-thumbnail","hentry","category-klub-kazalista-komedija","category-novosti"],"yoast_head":"<!-- This site is optimized with the Yoast SEO plugin v27.4 - https:\/\/yoast.com\/product\/yoast-seo-wordpress\/ -->\n<title>U KLUBU KAZALI\u0160TA KOMEDIJA ODR\u017dANA SVE\u010cANA PREMIJERA GLAZBENO-POETSKE PREDSTAVE \u201cKAJ JE LJUBAV\u201d - Kazali\u0161te Komedija<\/title>\n<meta name=\"robots\" content=\"index, follow, max-snippet:-1, max-image-preview:large, max-video-preview:-1\" \/>\n<link rel=\"canonical\" href=\"https:\/\/www.komedija.hr\/www\/u-klubu-kazalista-komedija-odrzana-svecana-premijera-glazbeno-poetske-predstave-kaj-je-ljubav\/\" \/>\n<meta property=\"og:locale\" content=\"hr_HR\" \/>\n<meta property=\"og:type\" content=\"article\" \/>\n<meta property=\"og:title\" content=\"U KLUBU KAZALI\u0160TA KOMEDIJA ODR\u017dANA SVE\u010cANA PREMIJERA GLAZBENO-POETSKE PREDSTAVE \u201cKAJ JE LJUBAV\u201d - Kazali\u0161te Komedija\" \/>\n<meta property=\"og:description\" content=\"Zagreb, 14. velja\u010de 2023. \u2013 U punom Klubu Kazali\u0161ta Komedija sino\u0107 je odr\u017eana sve\u010dana premijera glazbeno-poetske predstave \u201cKaj je ljubav\u201d autora Adama Kon\u010di\u0107a u izvo\u0111enju Adama Kon\u010di\u0107a te \u010detvorice \u010dlanova orkestra Kazali\u0161ta Komedija: Tomislava Parma\u0107a na klaviru, Alana Dovi\u0107a na gitari, Petra Haluze na violini i Vinka Grube\u0161i\u0107a na violon\u010delu. U predstavi su izvedene pjesme [&hellip;]\" \/>\n<meta property=\"og:url\" content=\"https:\/\/www.komedija.hr\/www\/u-klubu-kazalista-komedija-odrzana-svecana-premijera-glazbeno-poetske-predstave-kaj-je-ljubav\/\" \/>\n<meta property=\"og:site_name\" content=\"Kazali\u0161te Komedija\" \/>\n<meta property=\"article:publisher\" content=\"https:\/\/www.facebook.com\/kazaliste.komedija\/\" \/>\n<meta property=\"article:published_time\" content=\"2023-02-14T14:05:00+00:00\" \/>\n<meta property=\"article:modified_time\" content=\"2023-03-01T15:46:35+00:00\" \/>\n<meta property=\"og:image\" content=\"https:\/\/www.komedija.hr\/www\/wp-content\/uploads\/2023\/02\/Kaj-je-ljubav_premijera-2-scaled.jpg\" \/>\n\t<meta property=\"og:image:width\" content=\"2560\" \/>\n\t<meta property=\"og:image:height\" content=\"1707\" \/>\n\t<meta property=\"og:image:type\" content=\"image\/jpeg\" \/>\n<meta name=\"author\" content=\"Kazali\u0161te Komedija\" \/>\n<meta name=\"twitter:card\" content=\"summary_large_image\" \/>\n<meta name=\"twitter:creator\" content=\"@KKomedija\" \/>\n<meta name=\"twitter:site\" content=\"@KKomedija\" \/>\n<meta name=\"twitter:label1\" content=\"Napisao\/la\" \/>\n\t<meta name=\"twitter:data1\" content=\"Kazali\u0161te Komedija\" \/>\n\t<meta name=\"twitter:label2\" content=\"Procijenjeno vrijeme \u010ditanja\" \/>\n\t<meta name=\"twitter:data2\" content=\"2 minute\" \/>\n<script type=\"application\/ld+json\" class=\"yoast-schema-graph\">{\"@context\":\"https:\\\/\\\/schema.org\",\"@graph\":[{\"@type\":\"Article\",\"@id\":\"https:\\\/\\\/www.komedija.hr\\\/www\\\/u-klubu-kazalista-komedija-odrzana-svecana-premijera-glazbeno-poetske-predstave-kaj-je-ljubav\\\/#article\",\"isPartOf\":{\"@id\":\"https:\\\/\\\/www.komedija.hr\\\/www\\\/u-klubu-kazalista-komedija-odrzana-svecana-premijera-glazbeno-poetske-predstave-kaj-je-ljubav\\\/\"},\"author\":{\"name\":\"Kazali\u0161te Komedija\",\"@id\":\"http:\\\/\\\/www.komedija.hr\\\/www\\\/#\\\/schema\\\/person\\\/be2d51458592490cb276f8c0f60c66d0\"},\"headline\":\"U KLUBU KAZALI\u0160TA KOMEDIJA ODR\u017dANA SVE\u010cANA PREMIJERA GLAZBENO-POETSKE PREDSTAVE \u201cKAJ JE LJUBAV\u201d\",\"datePublished\":\"2023-02-14T14:05:00+00:00\",\"dateModified\":\"2023-03-01T15:46:35+00:00\",\"mainEntityOfPage\":{\"@id\":\"https:\\\/\\\/www.komedija.hr\\\/www\\\/u-klubu-kazalista-komedija-odrzana-svecana-premijera-glazbeno-poetske-predstave-kaj-je-ljubav\\\/\"},\"wordCount\":378,\"publisher\":{\"@id\":\"http:\\\/\\\/www.komedija.hr\\\/www\\\/#organization\"},\"image\":{\"@id\":\"https:\\\/\\\/www.komedija.hr\\\/www\\\/u-klubu-kazalista-komedija-odrzana-svecana-premijera-glazbeno-poetske-predstave-kaj-je-ljubav\\\/#primaryimage\"},\"thumbnailUrl\":\"https:\\\/\\\/www.komedija.hr\\\/www\\\/wp-content\\\/uploads\\\/2023\\\/02\\\/Kaj-je-ljubav_premijera-2-scaled.jpg\",\"articleSection\":[\"Klub Kazali\u0161ta Komedija\",\"Novosti\"],\"inLanguage\":\"hr\"},{\"@type\":\"WebPage\",\"@id\":\"https:\\\/\\\/www.komedija.hr\\\/www\\\/u-klubu-kazalista-komedija-odrzana-svecana-premijera-glazbeno-poetske-predstave-kaj-je-ljubav\\\/\",\"url\":\"https:\\\/\\\/www.komedija.hr\\\/www\\\/u-klubu-kazalista-komedija-odrzana-svecana-premijera-glazbeno-poetske-predstave-kaj-je-ljubav\\\/\",\"name\":\"U KLUBU KAZALI\u0160TA KOMEDIJA ODR\u017dANA SVE\u010cANA PREMIJERA GLAZBENO-POETSKE PREDSTAVE \u201cKAJ JE LJUBAV\u201d - Kazali\u0161te Komedija\",\"isPartOf\":{\"@id\":\"http:\\\/\\\/www.komedija.hr\\\/www\\\/#website\"},\"primaryImageOfPage\":{\"@id\":\"https:\\\/\\\/www.komedija.hr\\\/www\\\/u-klubu-kazalista-komedija-odrzana-svecana-premijera-glazbeno-poetske-predstave-kaj-je-ljubav\\\/#primaryimage\"},\"image\":{\"@id\":\"https:\\\/\\\/www.komedija.hr\\\/www\\\/u-klubu-kazalista-komedija-odrzana-svecana-premijera-glazbeno-poetske-predstave-kaj-je-ljubav\\\/#primaryimage\"},\"thumbnailUrl\":\"https:\\\/\\\/www.komedija.hr\\\/www\\\/wp-content\\\/uploads\\\/2023\\\/02\\\/Kaj-je-ljubav_premijera-2-scaled.jpg\",\"datePublished\":\"2023-02-14T14:05:00+00:00\",\"dateModified\":\"2023-03-01T15:46:35+00:00\",\"breadcrumb\":{\"@id\":\"https:\\\/\\\/www.komedija.hr\\\/www\\\/u-klubu-kazalista-komedija-odrzana-svecana-premijera-glazbeno-poetske-predstave-kaj-je-ljubav\\\/#breadcrumb\"},\"inLanguage\":\"hr\",\"potentialAction\":[{\"@type\":\"ReadAction\",\"target\":[\"https:\\\/\\\/www.komedija.hr\\\/www\\\/u-klubu-kazalista-komedija-odrzana-svecana-premijera-glazbeno-poetske-predstave-kaj-je-ljubav\\\/\"]}]},{\"@type\":\"ImageObject\",\"inLanguage\":\"hr\",\"@id\":\"https:\\\/\\\/www.komedija.hr\\\/www\\\/u-klubu-kazalista-komedija-odrzana-svecana-premijera-glazbeno-poetske-predstave-kaj-je-ljubav\\\/#primaryimage\",\"url\":\"https:\\\/\\\/www.komedija.hr\\\/www\\\/wp-content\\\/uploads\\\/2023\\\/02\\\/Kaj-je-ljubav_premijera-2-scaled.jpg\",\"contentUrl\":\"https:\\\/\\\/www.komedija.hr\\\/www\\\/wp-content\\\/uploads\\\/2023\\\/02\\\/Kaj-je-ljubav_premijera-2-scaled.jpg\",\"width\":2560,\"height\":1707},{\"@type\":\"BreadcrumbList\",\"@id\":\"https:\\\/\\\/www.komedija.hr\\\/www\\\/u-klubu-kazalista-komedija-odrzana-svecana-premijera-glazbeno-poetske-predstave-kaj-je-ljubav\\\/#breadcrumb\",\"itemListElement\":[{\"@type\":\"ListItem\",\"position\":1,\"name\":\"Po\u010detna stranica\",\"item\":\"http:\\\/\\\/www.komedija.hr\\\/www\\\/\"},{\"@type\":\"ListItem\",\"position\":2,\"name\":\"U KLUBU KAZALI\u0160TA KOMEDIJA ODR\u017dANA SVE\u010cANA PREMIJERA GLAZBENO-POETSKE PREDSTAVE \u201cKAJ JE LJUBAV\u201d\"}]},{\"@type\":\"WebSite\",\"@id\":\"http:\\\/\\\/www.komedija.hr\\\/www\\\/#website\",\"url\":\"http:\\\/\\\/www.komedija.hr\\\/www\\\/\",\"name\":\"Kazali\u0161te Komedija\",\"description\":\"\",\"publisher\":{\"@id\":\"http:\\\/\\\/www.komedija.hr\\\/www\\\/#organization\"},\"potentialAction\":[{\"@type\":\"SearchAction\",\"target\":{\"@type\":\"EntryPoint\",\"urlTemplate\":\"http:\\\/\\\/www.komedija.hr\\\/www\\\/?s={search_term_string}\"},\"query-input\":{\"@type\":\"PropertyValueSpecification\",\"valueRequired\":true,\"valueName\":\"search_term_string\"}}],\"inLanguage\":\"hr\"},{\"@type\":\"Organization\",\"@id\":\"http:\\\/\\\/www.komedija.hr\\\/www\\\/#organization\",\"name\":\"Zagreba\u010dko gradsko Kazali\u0161ta Komedija\",\"url\":\"http:\\\/\\\/www.komedija.hr\\\/www\\\/\",\"logo\":{\"@type\":\"ImageObject\",\"inLanguage\":\"hr\",\"@id\":\"http:\\\/\\\/www.komedija.hr\\\/www\\\/#\\\/schema\\\/logo\\\/image\\\/\",\"url\":\"https:\\\/\\\/www.komedija.hr\\\/www\\\/wp-content\\\/uploads\\\/2020\\\/02\\\/cropped-Kazaliste_Komedija_logo_2.png\",\"contentUrl\":\"https:\\\/\\\/www.komedija.hr\\\/www\\\/wp-content\\\/uploads\\\/2020\\\/02\\\/cropped-Kazaliste_Komedija_logo_2.png\",\"width\":512,\"height\":512,\"caption\":\"Zagreba\u010dko gradsko Kazali\u0161ta Komedija\"},\"image\":{\"@id\":\"http:\\\/\\\/www.komedija.hr\\\/www\\\/#\\\/schema\\\/logo\\\/image\\\/\"},\"sameAs\":[\"https:\\\/\\\/www.facebook.com\\\/kazaliste.komedija\\\/\",\"https:\\\/\\\/x.com\\\/KKomedija\",\"https:\\\/\\\/www.instagram.com\\\/kazaliste_komedija\\\/\",\"https:\\\/\\\/www.youtube.com\\\/channel\\\/UC1NcapMYUXJW3miW_oPxT5w\\\/videos\"]},{\"@type\":\"Person\",\"@id\":\"http:\\\/\\\/www.komedija.hr\\\/www\\\/#\\\/schema\\\/person\\\/be2d51458592490cb276f8c0f60c66d0\",\"name\":\"Kazali\u0161te Komedija\",\"image\":{\"@type\":\"ImageObject\",\"inLanguage\":\"hr\",\"@id\":\"https:\\\/\\\/secure.gravatar.com\\\/avatar\\\/1ff423d5936bdcb26b34797508bf0c78b326263ff5a1a3516112e07f645aea8c?s=96&d=mm&r=g\",\"url\":\"https:\\\/\\\/secure.gravatar.com\\\/avatar\\\/1ff423d5936bdcb26b34797508bf0c78b326263ff5a1a3516112e07f645aea8c?s=96&d=mm&r=g\",\"contentUrl\":\"https:\\\/\\\/secure.gravatar.com\\\/avatar\\\/1ff423d5936bdcb26b34797508bf0c78b326263ff5a1a3516112e07f645aea8c?s=96&d=mm&r=g\",\"caption\":\"Kazali\u0161te Komedija\"},\"url\":\"https:\\\/\\\/www.komedija.hr\\\/www\\\/author\\\/erika\\\/\"}]}<\/script>\n<!-- \/ Yoast SEO plugin. -->","yoast_head_json":{"title":"U KLUBU KAZALI\u0160TA KOMEDIJA ODR\u017dANA SVE\u010cANA PREMIJERA GLAZBENO-POETSKE PREDSTAVE \u201cKAJ JE LJUBAV\u201d - Kazali\u0161te Komedija","robots":{"index":"index","follow":"follow","max-snippet":"max-snippet:-1","max-image-preview":"max-image-preview:large","max-video-preview":"max-video-preview:-1"},"canonical":"https:\/\/www.komedija.hr\/www\/u-klubu-kazalista-komedija-odrzana-svecana-premijera-glazbeno-poetske-predstave-kaj-je-ljubav\/","og_locale":"hr_HR","og_type":"article","og_title":"U KLUBU KAZALI\u0160TA KOMEDIJA ODR\u017dANA SVE\u010cANA PREMIJERA GLAZBENO-POETSKE PREDSTAVE \u201cKAJ JE LJUBAV\u201d - Kazali\u0161te Komedija","og_description":"Zagreb, 14. velja\u010de 2023. \u2013 U punom Klubu Kazali\u0161ta Komedija sino\u0107 je odr\u017eana sve\u010dana premijera glazbeno-poetske predstave \u201cKaj je ljubav\u201d autora Adama Kon\u010di\u0107a u izvo\u0111enju Adama Kon\u010di\u0107a te \u010detvorice \u010dlanova orkestra Kazali\u0161ta Komedija: Tomislava Parma\u0107a na klaviru, Alana Dovi\u0107a na gitari, Petra Haluze na violini i Vinka Grube\u0161i\u0107a na violon\u010delu. U predstavi su izvedene pjesme [&hellip;]","og_url":"https:\/\/www.komedija.hr\/www\/u-klubu-kazalista-komedija-odrzana-svecana-premijera-glazbeno-poetske-predstave-kaj-je-ljubav\/","og_site_name":"Kazali\u0161te Komedija","article_publisher":"https:\/\/www.facebook.com\/kazaliste.komedija\/","article_published_time":"2023-02-14T14:05:00+00:00","article_modified_time":"2023-03-01T15:46:35+00:00","og_image":[{"width":2560,"height":1707,"url":"https:\/\/www.komedija.hr\/www\/wp-content\/uploads\/2023\/02\/Kaj-je-ljubav_premijera-2-scaled.jpg","type":"image\/jpeg"}],"author":"Kazali\u0161te Komedija","twitter_card":"summary_large_image","twitter_creator":"@KKomedija","twitter_site":"@KKomedija","twitter_misc":{"Napisao\/la":"Kazali\u0161te Komedija","Procijenjeno vrijeme \u010ditanja":"2 minute"},"schema":{"@context":"https:\/\/schema.org","@graph":[{"@type":"Article","@id":"https:\/\/www.komedija.hr\/www\/u-klubu-kazalista-komedija-odrzana-svecana-premijera-glazbeno-poetske-predstave-kaj-je-ljubav\/#article","isPartOf":{"@id":"https:\/\/www.komedija.hr\/www\/u-klubu-kazalista-komedija-odrzana-svecana-premijera-glazbeno-poetske-predstave-kaj-je-ljubav\/"},"author":{"name":"Kazali\u0161te Komedija","@id":"http:\/\/www.komedija.hr\/www\/#\/schema\/person\/be2d51458592490cb276f8c0f60c66d0"},"headline":"U KLUBU KAZALI\u0160TA KOMEDIJA ODR\u017dANA SVE\u010cANA PREMIJERA GLAZBENO-POETSKE PREDSTAVE \u201cKAJ JE LJUBAV\u201d","datePublished":"2023-02-14T14:05:00+00:00","dateModified":"2023-03-01T15:46:35+00:00","mainEntityOfPage":{"@id":"https:\/\/www.komedija.hr\/www\/u-klubu-kazalista-komedija-odrzana-svecana-premijera-glazbeno-poetske-predstave-kaj-je-ljubav\/"},"wordCount":378,"publisher":{"@id":"http:\/\/www.komedija.hr\/www\/#organization"},"image":{"@id":"https:\/\/www.komedija.hr\/www\/u-klubu-kazalista-komedija-odrzana-svecana-premijera-glazbeno-poetske-predstave-kaj-je-ljubav\/#primaryimage"},"thumbnailUrl":"https:\/\/www.komedija.hr\/www\/wp-content\/uploads\/2023\/02\/Kaj-je-ljubav_premijera-2-scaled.jpg","articleSection":["Klub Kazali\u0161ta Komedija","Novosti"],"inLanguage":"hr"},{"@type":"WebPage","@id":"https:\/\/www.komedija.hr\/www\/u-klubu-kazalista-komedija-odrzana-svecana-premijera-glazbeno-poetske-predstave-kaj-je-ljubav\/","url":"https:\/\/www.komedija.hr\/www\/u-klubu-kazalista-komedija-odrzana-svecana-premijera-glazbeno-poetske-predstave-kaj-je-ljubav\/","name":"U KLUBU KAZALI\u0160TA KOMEDIJA ODR\u017dANA SVE\u010cANA PREMIJERA GLAZBENO-POETSKE PREDSTAVE \u201cKAJ JE LJUBAV\u201d - Kazali\u0161te Komedija","isPartOf":{"@id":"http:\/\/www.komedija.hr\/www\/#website"},"primaryImageOfPage":{"@id":"https:\/\/www.komedija.hr\/www\/u-klubu-kazalista-komedija-odrzana-svecana-premijera-glazbeno-poetske-predstave-kaj-je-ljubav\/#primaryimage"},"image":{"@id":"https:\/\/www.komedija.hr\/www\/u-klubu-kazalista-komedija-odrzana-svecana-premijera-glazbeno-poetske-predstave-kaj-je-ljubav\/#primaryimage"},"thumbnailUrl":"https:\/\/www.komedija.hr\/www\/wp-content\/uploads\/2023\/02\/Kaj-je-ljubav_premijera-2-scaled.jpg","datePublished":"2023-02-14T14:05:00+00:00","dateModified":"2023-03-01T15:46:35+00:00","breadcrumb":{"@id":"https:\/\/www.komedija.hr\/www\/u-klubu-kazalista-komedija-odrzana-svecana-premijera-glazbeno-poetske-predstave-kaj-je-ljubav\/#breadcrumb"},"inLanguage":"hr","potentialAction":[{"@type":"ReadAction","target":["https:\/\/www.komedija.hr\/www\/u-klubu-kazalista-komedija-odrzana-svecana-premijera-glazbeno-poetske-predstave-kaj-je-ljubav\/"]}]},{"@type":"ImageObject","inLanguage":"hr","@id":"https:\/\/www.komedija.hr\/www\/u-klubu-kazalista-komedija-odrzana-svecana-premijera-glazbeno-poetske-predstave-kaj-je-ljubav\/#primaryimage","url":"https:\/\/www.komedija.hr\/www\/wp-content\/uploads\/2023\/02\/Kaj-je-ljubav_premijera-2-scaled.jpg","contentUrl":"https:\/\/www.komedija.hr\/www\/wp-content\/uploads\/2023\/02\/Kaj-je-ljubav_premijera-2-scaled.jpg","width":2560,"height":1707},{"@type":"BreadcrumbList","@id":"https:\/\/www.komedija.hr\/www\/u-klubu-kazalista-komedija-odrzana-svecana-premijera-glazbeno-poetske-predstave-kaj-je-ljubav\/#breadcrumb","itemListElement":[{"@type":"ListItem","position":1,"name":"Po\u010detna stranica","item":"http:\/\/www.komedija.hr\/www\/"},{"@type":"ListItem","position":2,"name":"U KLUBU KAZALI\u0160TA KOMEDIJA ODR\u017dANA SVE\u010cANA PREMIJERA GLAZBENO-POETSKE PREDSTAVE \u201cKAJ JE LJUBAV\u201d"}]},{"@type":"WebSite","@id":"http:\/\/www.komedija.hr\/www\/#website","url":"http:\/\/www.komedija.hr\/www\/","name":"Kazali\u0161te Komedija","description":"","publisher":{"@id":"http:\/\/www.komedija.hr\/www\/#organization"},"potentialAction":[{"@type":"SearchAction","target":{"@type":"EntryPoint","urlTemplate":"http:\/\/www.komedija.hr\/www\/?s={search_term_string}"},"query-input":{"@type":"PropertyValueSpecification","valueRequired":true,"valueName":"search_term_string"}}],"inLanguage":"hr"},{"@type":"Organization","@id":"http:\/\/www.komedija.hr\/www\/#organization","name":"Zagreba\u010dko gradsko Kazali\u0161ta Komedija","url":"http:\/\/www.komedija.hr\/www\/","logo":{"@type":"ImageObject","inLanguage":"hr","@id":"http:\/\/www.komedija.hr\/www\/#\/schema\/logo\/image\/","url":"https:\/\/www.komedija.hr\/www\/wp-content\/uploads\/2020\/02\/cropped-Kazaliste_Komedija_logo_2.png","contentUrl":"https:\/\/www.komedija.hr\/www\/wp-content\/uploads\/2020\/02\/cropped-Kazaliste_Komedija_logo_2.png","width":512,"height":512,"caption":"Zagreba\u010dko gradsko Kazali\u0161ta Komedija"},"image":{"@id":"http:\/\/www.komedija.hr\/www\/#\/schema\/logo\/image\/"},"sameAs":["https:\/\/www.facebook.com\/kazaliste.komedija\/","https:\/\/x.com\/KKomedija","https:\/\/www.instagram.com\/kazaliste_komedija\/","https:\/\/www.youtube.com\/channel\/UC1NcapMYUXJW3miW_oPxT5w\/videos"]},{"@type":"Person","@id":"http:\/\/www.komedija.hr\/www\/#\/schema\/person\/be2d51458592490cb276f8c0f60c66d0","name":"Kazali\u0161te Komedija","image":{"@type":"ImageObject","inLanguage":"hr","@id":"https:\/\/secure.gravatar.com\/avatar\/1ff423d5936bdcb26b34797508bf0c78b326263ff5a1a3516112e07f645aea8c?s=96&d=mm&r=g","url":"https:\/\/secure.gravatar.com\/avatar\/1ff423d5936bdcb26b34797508bf0c78b326263ff5a1a3516112e07f645aea8c?s=96&d=mm&r=g","contentUrl":"https:\/\/secure.gravatar.com\/avatar\/1ff423d5936bdcb26b34797508bf0c78b326263ff5a1a3516112e07f645aea8c?s=96&d=mm&r=g","caption":"Kazali\u0161te Komedija"},"url":"https:\/\/www.komedija.hr\/www\/author\/erika\/"}]}},"_links":{"self":[{"href":"https:\/\/www.komedija.hr\/www\/wp-json\/wp\/v2\/posts\/16663","targetHints":{"allow":["GET"]}}],"collection":[{"href":"https:\/\/www.komedija.hr\/www\/wp-json\/wp\/v2\/posts"}],"about":[{"href":"https:\/\/www.komedija.hr\/www\/wp-json\/wp\/v2\/types\/post"}],"author":[{"embeddable":true,"href":"https:\/\/www.komedija.hr\/www\/wp-json\/wp\/v2\/users\/5"}],"replies":[{"embeddable":true,"href":"https:\/\/www.komedija.hr\/www\/wp-json\/wp\/v2\/comments?post=16663"}],"version-history":[{"count":0,"href":"https:\/\/www.komedija.hr\/www\/wp-json\/wp\/v2\/posts\/16663\/revisions"}],"wp:featuredmedia":[{"embeddable":true,"href":"https:\/\/www.komedija.hr\/www\/wp-json\/wp\/v2\/media\/16664"}],"wp:attachment":[{"href":"https:\/\/www.komedija.hr\/www\/wp-json\/wp\/v2\/media?parent=16663"}],"wp:term":[{"taxonomy":"category","embeddable":true,"href":"https:\/\/www.komedija.hr\/www\/wp-json\/wp\/v2\/categories?post=16663"},{"taxonomy":"post_tag","embeddable":true,"href":"https:\/\/www.komedija.hr\/www\/wp-json\/wp\/v2\/tags?post=16663"}],"curies":[{"name":"wp","href":"https:\/\/api.w.org\/{rel}","templated":true}]}}