{"id":17332,"date":"2023-06-23T15:09:16","date_gmt":"2023-06-23T13:09:16","guid":{"rendered":"https:\/\/www.komedija.hr\/www\/?p=17332"},"modified":"2023-06-23T15:09:39","modified_gmt":"2023-06-23T13:09:39","slug":"otkazan-koncert-noc-mjuzikla-23-06","status":"publish","type":"post","link":"https:\/\/www.komedija.hr\/www\/otkazan-koncert-noc-mjuzikla-23-06\/","title":{"rendered":"OTKAZAN KONCERT NO\u0106 MJUZIKLA &#8211; 23.06."},"content":{"rendered":"<p>Po\u0161tovana publiko,<\/p>\n<p>zbog najave lo\u0161eg vremena <strong>otkazuje se koncert No\u0107 mjuzikla<\/strong> koji se trebao odr\u017eati u petak, 23. lipnja u 21 sat na Trgu kralja Tomislava, u sklopu manifestacije Zagreb Classic. Zamjenskog termina ne\u0107e biti.<\/p>\n<p>Hvala na razumijevanju!<\/p>\n","protected":false},"excerpt":{"rendered":"<p>Po\u0161tovana publiko, zbog najave lo\u0161eg vremena otkazuje se koncert No\u0107 mjuzikla koji se trebao odr\u017eati u petak, 23. lipnja u 21 sat na Trgu kralja Tomislava, u sklopu manifestacije Zagreb Classic. Zamjenskog termina ne\u0107e biti. Hvala na razumijevanju!<\/p>\n","protected":false},"author":10,"featured_media":17333,"comment_status":"closed","ping_status":"open","sticky":false,"template":"","format":"standard","meta":{"ngg_post_thumbnail":0,"footnotes":""},"categories":[24,1],"tags":[],"class_list":["post-17332","post","type-post","status-publish","format-standard","has-post-thumbnail","hentry","category-novosti","category-uncategorized"],"yoast_head":"<!-- This site is optimized with the Yoast SEO plugin v27.5 - https:\/\/yoast.com\/product\/yoast-seo-wordpress\/ -->\n<title>OTKAZAN KONCERT NO\u0106 MJUZIKLA - 23.06. - Kazali\u0161te Komedija<\/title>\n<meta name=\"robots\" content=\"index, follow, max-snippet:-1, max-image-preview:large, max-video-preview:-1\" \/>\n<link rel=\"canonical\" href=\"https:\/\/www.komedija.hr\/www\/otkazan-koncert-noc-mjuzikla-23-06\/\" \/>\n<meta property=\"og:locale\" content=\"hr_HR\" \/>\n<meta property=\"og:type\" content=\"article\" \/>\n<meta property=\"og:title\" content=\"OTKAZAN KONCERT NO\u0106 MJUZIKLA - 23.06. - Kazali\u0161te Komedija\" \/>\n<meta property=\"og:description\" content=\"Po\u0161tovana publiko, zbog najave lo\u0161eg vremena otkazuje se koncert No\u0107 mjuzikla koji se trebao odr\u017eati u petak, 23. lipnja u 21 sat na Trgu kralja Tomislava, u sklopu manifestacije Zagreb Classic. Zamjenskog termina ne\u0107e biti. Hvala na razumijevanju!\" \/>\n<meta property=\"og:url\" content=\"https:\/\/www.komedija.hr\/www\/otkazan-koncert-noc-mjuzikla-23-06\/\" \/>\n<meta property=\"og:site_name\" content=\"Kazali\u0161te Komedija\" \/>\n<meta property=\"article:publisher\" content=\"https:\/\/www.facebook.com\/kazaliste.komedija\/\" \/>\n<meta property=\"article:published_time\" content=\"2023-06-23T13:09:16+00:00\" \/>\n<meta property=\"article:modified_time\" content=\"2023-06-23T13:09:39+00:00\" \/>\n<meta property=\"og:image\" content=\"https:\/\/www.komedija.hr\/www\/wp-content\/uploads\/2023\/06\/zagreb-classic_noc-mjuzikla_222x403.png\" \/>\n\t<meta property=\"og:image:width\" content=\"444\" \/>\n\t<meta property=\"og:image:height\" content=\"806\" \/>\n\t<meta property=\"og:image:type\" content=\"image\/png\" \/>\n<meta name=\"author\" content=\"Kazali\u0161te Komedija\" \/>\n<meta name=\"twitter:card\" content=\"summary_large_image\" \/>\n<meta name=\"twitter:creator\" content=\"@KKomedija\" \/>\n<meta name=\"twitter:site\" content=\"@KKomedija\" \/>\n<meta name=\"twitter:label1\" content=\"Napisao\/la\" \/>\n\t<meta name=\"twitter:data1\" content=\"Kazali\u0161te Komedija\" \/>\n\t<meta name=\"twitter:label2\" content=\"Procijenjeno vrijeme \u010ditanja\" \/>\n\t<meta name=\"twitter:data2\" content=\"1 minuta\" \/>\n<script type=\"application\/ld+json\" class=\"yoast-schema-graph\">{\"@context\":\"https:\\\/\\\/schema.org\",\"@graph\":[{\"@type\":\"Article\",\"@id\":\"https:\\\/\\\/www.komedija.hr\\\/www\\\/otkazan-koncert-noc-mjuzikla-23-06\\\/#article\",\"isPartOf\":{\"@id\":\"https:\\\/\\\/www.komedija.hr\\\/www\\\/otkazan-koncert-noc-mjuzikla-23-06\\\/\"},\"author\":{\"name\":\"Kazali\u0161te Komedija\",\"@id\":\"http:\\\/\\\/www.komedija.hr\\\/www\\\/#\\\/schema\\\/person\\\/2378212f6c19dcdbf4511a802132c059\"},\"headline\":\"OTKAZAN KONCERT NO\u0106 MJUZIKLA &#8211; 23.06.\",\"datePublished\":\"2023-06-23T13:09:16+00:00\",\"dateModified\":\"2023-06-23T13:09:39+00:00\",\"mainEntityOfPage\":{\"@id\":\"https:\\\/\\\/www.komedija.hr\\\/www\\\/otkazan-koncert-noc-mjuzikla-23-06\\\/\"},\"wordCount\":45,\"publisher\":{\"@id\":\"http:\\\/\\\/www.komedija.hr\\\/www\\\/#organization\"},\"image\":{\"@id\":\"https:\\\/\\\/www.komedija.hr\\\/www\\\/otkazan-koncert-noc-mjuzikla-23-06\\\/#primaryimage\"},\"thumbnailUrl\":\"https:\\\/\\\/www.komedija.hr\\\/www\\\/wp-content\\\/uploads\\\/2023\\\/06\\\/zagreb-classic_noc-mjuzikla_222x403.png\",\"articleSection\":[\"Novosti\",\"Uncategorized\"],\"inLanguage\":\"hr\"},{\"@type\":\"WebPage\",\"@id\":\"https:\\\/\\\/www.komedija.hr\\\/www\\\/otkazan-koncert-noc-mjuzikla-23-06\\\/\",\"url\":\"https:\\\/\\\/www.komedija.hr\\\/www\\\/otkazan-koncert-noc-mjuzikla-23-06\\\/\",\"name\":\"OTKAZAN KONCERT NO\u0106 MJUZIKLA - 23.06. - Kazali\u0161te Komedija\",\"isPartOf\":{\"@id\":\"http:\\\/\\\/www.komedija.hr\\\/www\\\/#website\"},\"primaryImageOfPage\":{\"@id\":\"https:\\\/\\\/www.komedija.hr\\\/www\\\/otkazan-koncert-noc-mjuzikla-23-06\\\/#primaryimage\"},\"image\":{\"@id\":\"https:\\\/\\\/www.komedija.hr\\\/www\\\/otkazan-koncert-noc-mjuzikla-23-06\\\/#primaryimage\"},\"thumbnailUrl\":\"https:\\\/\\\/www.komedija.hr\\\/www\\\/wp-content\\\/uploads\\\/2023\\\/06\\\/zagreb-classic_noc-mjuzikla_222x403.png\",\"datePublished\":\"2023-06-23T13:09:16+00:00\",\"dateModified\":\"2023-06-23T13:09:39+00:00\",\"breadcrumb\":{\"@id\":\"https:\\\/\\\/www.komedija.hr\\\/www\\\/otkazan-koncert-noc-mjuzikla-23-06\\\/#breadcrumb\"},\"inLanguage\":\"hr\",\"potentialAction\":[{\"@type\":\"ReadAction\",\"target\":[\"https:\\\/\\\/www.komedija.hr\\\/www\\\/otkazan-koncert-noc-mjuzikla-23-06\\\/\"]}]},{\"@type\":\"ImageObject\",\"inLanguage\":\"hr\",\"@id\":\"https:\\\/\\\/www.komedija.hr\\\/www\\\/otkazan-koncert-noc-mjuzikla-23-06\\\/#primaryimage\",\"url\":\"https:\\\/\\\/www.komedija.hr\\\/www\\\/wp-content\\\/uploads\\\/2023\\\/06\\\/zagreb-classic_noc-mjuzikla_222x403.png\",\"contentUrl\":\"https:\\\/\\\/www.komedija.hr\\\/www\\\/wp-content\\\/uploads\\\/2023\\\/06\\\/zagreb-classic_noc-mjuzikla_222x403.png\",\"width\":444,\"height\":806},{\"@type\":\"BreadcrumbList\",\"@id\":\"https:\\\/\\\/www.komedija.hr\\\/www\\\/otkazan-koncert-noc-mjuzikla-23-06\\\/#breadcrumb\",\"itemListElement\":[{\"@type\":\"ListItem\",\"position\":1,\"name\":\"Po\u010detna stranica\",\"item\":\"http:\\\/\\\/www.komedija.hr\\\/www\\\/\"},{\"@type\":\"ListItem\",\"position\":2,\"name\":\"OTKAZAN KONCERT NO\u0106 MJUZIKLA &#8211; 23.06.\"}]},{\"@type\":\"WebSite\",\"@id\":\"http:\\\/\\\/www.komedija.hr\\\/www\\\/#website\",\"url\":\"http:\\\/\\\/www.komedija.hr\\\/www\\\/\",\"name\":\"Kazali\u0161te Komedija\",\"description\":\"\",\"publisher\":{\"@id\":\"http:\\\/\\\/www.komedija.hr\\\/www\\\/#organization\"},\"potentialAction\":[{\"@type\":\"SearchAction\",\"target\":{\"@type\":\"EntryPoint\",\"urlTemplate\":\"http:\\\/\\\/www.komedija.hr\\\/www\\\/?s={search_term_string}\"},\"query-input\":{\"@type\":\"PropertyValueSpecification\",\"valueRequired\":true,\"valueName\":\"search_term_string\"}}],\"inLanguage\":\"hr\"},{\"@type\":\"Organization\",\"@id\":\"http:\\\/\\\/www.komedija.hr\\\/www\\\/#organization\",\"name\":\"Zagreba\u010dko gradsko Kazali\u0161ta Komedija\",\"url\":\"http:\\\/\\\/www.komedija.hr\\\/www\\\/\",\"logo\":{\"@type\":\"ImageObject\",\"inLanguage\":\"hr\",\"@id\":\"http:\\\/\\\/www.komedija.hr\\\/www\\\/#\\\/schema\\\/logo\\\/image\\\/\",\"url\":\"https:\\\/\\\/www.komedija.hr\\\/www\\\/wp-content\\\/uploads\\\/2020\\\/02\\\/cropped-Kazaliste_Komedija_logo_2.png\",\"contentUrl\":\"https:\\\/\\\/www.komedija.hr\\\/www\\\/wp-content\\\/uploads\\\/2020\\\/02\\\/cropped-Kazaliste_Komedija_logo_2.png\",\"width\":512,\"height\":512,\"caption\":\"Zagreba\u010dko gradsko Kazali\u0161ta Komedija\"},\"image\":{\"@id\":\"http:\\\/\\\/www.komedija.hr\\\/www\\\/#\\\/schema\\\/logo\\\/image\\\/\"},\"sameAs\":[\"https:\\\/\\\/www.facebook.com\\\/kazaliste.komedija\\\/\",\"https:\\\/\\\/x.com\\\/KKomedija\",\"https:\\\/\\\/www.instagram.com\\\/kazaliste_komedija\\\/\",\"https:\\\/\\\/www.youtube.com\\\/channel\\\/UC1NcapMYUXJW3miW_oPxT5w\\\/videos\"]},{\"@type\":\"Person\",\"@id\":\"http:\\\/\\\/www.komedija.hr\\\/www\\\/#\\\/schema\\\/person\\\/2378212f6c19dcdbf4511a802132c059\",\"name\":\"Kazali\u0161te Komedija\",\"image\":{\"@type\":\"ImageObject\",\"inLanguage\":\"hr\",\"@id\":\"https:\\\/\\\/secure.gravatar.com\\\/avatar\\\/b56c9a816f81187774a3e1089224d19e9fb921a1ae3912069f03dc0773ebc216?s=96&d=mm&r=g\",\"url\":\"https:\\\/\\\/secure.gravatar.com\\\/avatar\\\/b56c9a816f81187774a3e1089224d19e9fb921a1ae3912069f03dc0773ebc216?s=96&d=mm&r=g\",\"contentUrl\":\"https:\\\/\\\/secure.gravatar.com\\\/avatar\\\/b56c9a816f81187774a3e1089224d19e9fb921a1ae3912069f03dc0773ebc216?s=96&d=mm&r=g\",\"caption\":\"Kazali\u0161te Komedija\"},\"url\":\"https:\\\/\\\/www.komedija.hr\\\/www\\\/author\\\/ana-pavlovickomedija-hr\\\/\"}]}<\/script>\n<!-- \/ Yoast SEO plugin. -->","yoast_head_json":{"title":"OTKAZAN KONCERT NO\u0106 MJUZIKLA - 23.06. - Kazali\u0161te Komedija","robots":{"index":"index","follow":"follow","max-snippet":"max-snippet:-1","max-image-preview":"max-image-preview:large","max-video-preview":"max-video-preview:-1"},"canonical":"https:\/\/www.komedija.hr\/www\/otkazan-koncert-noc-mjuzikla-23-06\/","og_locale":"hr_HR","og_type":"article","og_title":"OTKAZAN KONCERT NO\u0106 MJUZIKLA - 23.06. - Kazali\u0161te Komedija","og_description":"Po\u0161tovana publiko, zbog najave lo\u0161eg vremena otkazuje se koncert No\u0107 mjuzikla koji se trebao odr\u017eati u petak, 23. lipnja u 21 sat na Trgu kralja Tomislava, u sklopu manifestacije Zagreb Classic. Zamjenskog termina ne\u0107e biti. Hvala na razumijevanju!","og_url":"https:\/\/www.komedija.hr\/www\/otkazan-koncert-noc-mjuzikla-23-06\/","og_site_name":"Kazali\u0161te Komedija","article_publisher":"https:\/\/www.facebook.com\/kazaliste.komedija\/","article_published_time":"2023-06-23T13:09:16+00:00","article_modified_time":"2023-06-23T13:09:39+00:00","og_image":[{"width":444,"height":806,"url":"https:\/\/www.komedija.hr\/www\/wp-content\/uploads\/2023\/06\/zagreb-classic_noc-mjuzikla_222x403.png","type":"image\/png"}],"author":"Kazali\u0161te Komedija","twitter_card":"summary_large_image","twitter_creator":"@KKomedija","twitter_site":"@KKomedija","twitter_misc":{"Napisao\/la":"Kazali\u0161te Komedija","Procijenjeno vrijeme \u010ditanja":"1 minuta"},"schema":{"@context":"https:\/\/schema.org","@graph":[{"@type":"Article","@id":"https:\/\/www.komedija.hr\/www\/otkazan-koncert-noc-mjuzikla-23-06\/#article","isPartOf":{"@id":"https:\/\/www.komedija.hr\/www\/otkazan-koncert-noc-mjuzikla-23-06\/"},"author":{"name":"Kazali\u0161te Komedija","@id":"http:\/\/www.komedija.hr\/www\/#\/schema\/person\/2378212f6c19dcdbf4511a802132c059"},"headline":"OTKAZAN KONCERT NO\u0106 MJUZIKLA &#8211; 23.06.","datePublished":"2023-06-23T13:09:16+00:00","dateModified":"2023-06-23T13:09:39+00:00","mainEntityOfPage":{"@id":"https:\/\/www.komedija.hr\/www\/otkazan-koncert-noc-mjuzikla-23-06\/"},"wordCount":45,"publisher":{"@id":"http:\/\/www.komedija.hr\/www\/#organization"},"image":{"@id":"https:\/\/www.komedija.hr\/www\/otkazan-koncert-noc-mjuzikla-23-06\/#primaryimage"},"thumbnailUrl":"https:\/\/www.komedija.hr\/www\/wp-content\/uploads\/2023\/06\/zagreb-classic_noc-mjuzikla_222x403.png","articleSection":["Novosti","Uncategorized"],"inLanguage":"hr"},{"@type":"WebPage","@id":"https:\/\/www.komedija.hr\/www\/otkazan-koncert-noc-mjuzikla-23-06\/","url":"https:\/\/www.komedija.hr\/www\/otkazan-koncert-noc-mjuzikla-23-06\/","name":"OTKAZAN KONCERT NO\u0106 MJUZIKLA - 23.06. - Kazali\u0161te Komedija","isPartOf":{"@id":"http:\/\/www.komedija.hr\/www\/#website"},"primaryImageOfPage":{"@id":"https:\/\/www.komedija.hr\/www\/otkazan-koncert-noc-mjuzikla-23-06\/#primaryimage"},"image":{"@id":"https:\/\/www.komedija.hr\/www\/otkazan-koncert-noc-mjuzikla-23-06\/#primaryimage"},"thumbnailUrl":"https:\/\/www.komedija.hr\/www\/wp-content\/uploads\/2023\/06\/zagreb-classic_noc-mjuzikla_222x403.png","datePublished":"2023-06-23T13:09:16+00:00","dateModified":"2023-06-23T13:09:39+00:00","breadcrumb":{"@id":"https:\/\/www.komedija.hr\/www\/otkazan-koncert-noc-mjuzikla-23-06\/#breadcrumb"},"inLanguage":"hr","potentialAction":[{"@type":"ReadAction","target":["https:\/\/www.komedija.hr\/www\/otkazan-koncert-noc-mjuzikla-23-06\/"]}]},{"@type":"ImageObject","inLanguage":"hr","@id":"https:\/\/www.komedija.hr\/www\/otkazan-koncert-noc-mjuzikla-23-06\/#primaryimage","url":"https:\/\/www.komedija.hr\/www\/wp-content\/uploads\/2023\/06\/zagreb-classic_noc-mjuzikla_222x403.png","contentUrl":"https:\/\/www.komedija.hr\/www\/wp-content\/uploads\/2023\/06\/zagreb-classic_noc-mjuzikla_222x403.png","width":444,"height":806},{"@type":"BreadcrumbList","@id":"https:\/\/www.komedija.hr\/www\/otkazan-koncert-noc-mjuzikla-23-06\/#breadcrumb","itemListElement":[{"@type":"ListItem","position":1,"name":"Po\u010detna stranica","item":"http:\/\/www.komedija.hr\/www\/"},{"@type":"ListItem","position":2,"name":"OTKAZAN KONCERT NO\u0106 MJUZIKLA &#8211; 23.06."}]},{"@type":"WebSite","@id":"http:\/\/www.komedija.hr\/www\/#website","url":"http:\/\/www.komedija.hr\/www\/","name":"Kazali\u0161te Komedija","description":"","publisher":{"@id":"http:\/\/www.komedija.hr\/www\/#organization"},"potentialAction":[{"@type":"SearchAction","target":{"@type":"EntryPoint","urlTemplate":"http:\/\/www.komedija.hr\/www\/?s={search_term_string}"},"query-input":{"@type":"PropertyValueSpecification","valueRequired":true,"valueName":"search_term_string"}}],"inLanguage":"hr"},{"@type":"Organization","@id":"http:\/\/www.komedija.hr\/www\/#organization","name":"Zagreba\u010dko gradsko Kazali\u0161ta Komedija","url":"http:\/\/www.komedija.hr\/www\/","logo":{"@type":"ImageObject","inLanguage":"hr","@id":"http:\/\/www.komedija.hr\/www\/#\/schema\/logo\/image\/","url":"https:\/\/www.komedija.hr\/www\/wp-content\/uploads\/2020\/02\/cropped-Kazaliste_Komedija_logo_2.png","contentUrl":"https:\/\/www.komedija.hr\/www\/wp-content\/uploads\/2020\/02\/cropped-Kazaliste_Komedija_logo_2.png","width":512,"height":512,"caption":"Zagreba\u010dko gradsko Kazali\u0161ta Komedija"},"image":{"@id":"http:\/\/www.komedija.hr\/www\/#\/schema\/logo\/image\/"},"sameAs":["https:\/\/www.facebook.com\/kazaliste.komedija\/","https:\/\/x.com\/KKomedija","https:\/\/www.instagram.com\/kazaliste_komedija\/","https:\/\/www.youtube.com\/channel\/UC1NcapMYUXJW3miW_oPxT5w\/videos"]},{"@type":"Person","@id":"http:\/\/www.komedija.hr\/www\/#\/schema\/person\/2378212f6c19dcdbf4511a802132c059","name":"Kazali\u0161te Komedija","image":{"@type":"ImageObject","inLanguage":"hr","@id":"https:\/\/secure.gravatar.com\/avatar\/b56c9a816f81187774a3e1089224d19e9fb921a1ae3912069f03dc0773ebc216?s=96&d=mm&r=g","url":"https:\/\/secure.gravatar.com\/avatar\/b56c9a816f81187774a3e1089224d19e9fb921a1ae3912069f03dc0773ebc216?s=96&d=mm&r=g","contentUrl":"https:\/\/secure.gravatar.com\/avatar\/b56c9a816f81187774a3e1089224d19e9fb921a1ae3912069f03dc0773ebc216?s=96&d=mm&r=g","caption":"Kazali\u0161te Komedija"},"url":"https:\/\/www.komedija.hr\/www\/author\/ana-pavlovickomedija-hr\/"}]}},"_links":{"self":[{"href":"https:\/\/www.komedija.hr\/www\/wp-json\/wp\/v2\/posts\/17332","targetHints":{"allow":["GET"]}}],"collection":[{"href":"https:\/\/www.komedija.hr\/www\/wp-json\/wp\/v2\/posts"}],"about":[{"href":"https:\/\/www.komedija.hr\/www\/wp-json\/wp\/v2\/types\/post"}],"author":[{"embeddable":true,"href":"https:\/\/www.komedija.hr\/www\/wp-json\/wp\/v2\/users\/10"}],"replies":[{"embeddable":true,"href":"https:\/\/www.komedija.hr\/www\/wp-json\/wp\/v2\/comments?post=17332"}],"version-history":[{"count":0,"href":"https:\/\/www.komedija.hr\/www\/wp-json\/wp\/v2\/posts\/17332\/revisions"}],"wp:featuredmedia":[{"embeddable":true,"href":"https:\/\/www.komedija.hr\/www\/wp-json\/wp\/v2\/media\/17333"}],"wp:attachment":[{"href":"https:\/\/www.komedija.hr\/www\/wp-json\/wp\/v2\/media?parent=17332"}],"wp:term":[{"taxonomy":"category","embeddable":true,"href":"https:\/\/www.komedija.hr\/www\/wp-json\/wp\/v2\/categories?post=17332"},{"taxonomy":"post_tag","embeddable":true,"href":"https:\/\/www.komedija.hr\/www\/wp-json\/wp\/v2\/tags?post=17332"}],"curies":[{"name":"wp","href":"https:\/\/api.w.org\/{rel}","templated":true}]}}