{"id":21415,"date":"2025-12-16T21:45:32","date_gmt":"2025-12-16T20:45:32","guid":{"rendered":"https:\/\/www.komedija.hr\/www\/?p=21415"},"modified":"2025-12-16T21:55:13","modified_gmt":"2025-12-16T20:55:13","slug":"u-palaci-dverce-odrzana-premijera-predstave-ponos-i-predrasude-uvertira","status":"publish","type":"post","link":"https:\/\/www.komedija.hr\/www\/u-palaci-dverce-odrzana-premijera-predstave-ponos-i-predrasude-uvertira\/","title":{"rendered":"U Pala\u010di Dverce odr\u017eana premijera predstave &#8220;Ponos i predrasude &#8211; uvertira&#8221;"},"content":{"rendered":"<p>No\u0107 uo\u010di 250. obljetnice ro\u0111enja slavne engleske spisateljice Jane Austen u Pala\u010di Dverce odr\u017eana je premijera predstave <strong>Ponos i predrasude &#8211; uvertira<\/strong>, nastale prema njezinom vjerojatno najpoznatijem romanu.<\/p>\n<p>Samo je nekoliko desetaka, to\u010dnije &#8211; trideset i petero ljudi nazo\u010dilo sino\u0107njoj premijernoj izvedbi predstave nastale prema romanu <em>Ponos i predrasude<\/em> Jane Austen. Tako \u0107e biti na svakoj od idu\u0107ih \u0161est rasprodanih izvedbi u Pala\u010di Dverce, jer upravo mjesto odr\u017eavanja &#8211; predivna gornjogradska pala\u010da &#8211; diktira koli\u010dinu publike. No istodobno predstavi daje notu ekskluzivnosti koju ona, upravo ovako koncipirana, u ambijentu u kakvom zaista mo\u017eemo zamisliti Austenine junake, i zaslu\u017euje.<\/p>\n<p>Predstava redateljice <strong>Marine Pejnovi\u0107<\/strong> odu\u0161evila je premijernu publiku, jednako kao i veliki Komedijin gluma\u010dki ansambl na \u010delu s <strong>Vandom Winter<\/strong> i <strong>Filipom Juri\u010di\u0107em<\/strong> u ulogama Elizabeth Bennet i gospodina Darcyja. Jednako dojmljiv bio je i ostatak ansambla &#8211; <strong>Damir Lon\u010dar<\/strong>,&nbsp;<strong>Vanja \u0106iri\u0107<\/strong>,&nbsp;<strong>Nera Stipi\u010devi\u0107<\/strong>, <strong>Nika Ivan\u010di\u0107<\/strong>,&nbsp;<strong>Ivona Kundert<\/strong>,&nbsp;<strong>Ru\u017eica Maurus<\/strong>,&nbsp;&nbsp;<strong>Ana Magud<\/strong>,&nbsp;<strong>Ivan Glowatzky<\/strong>,&nbsp;<strong>Nina Kai\u0107 Madi\u0107<\/strong>, <strong>Tara Thaller<\/strong>,&nbsp;<strong>Roko Sikavica<\/strong>,&nbsp;<strong>Ognjen Milovanovi\u0107<\/strong>,&nbsp;<strong>Dubravka Ostoji\u0107<\/strong>,&nbsp;<strong>Marija Jernei\u0107<\/strong>,&nbsp;<strong>Igor Me\u0161in<\/strong>,&nbsp;<strong>Jasna Bilu\u0161i\u0107<\/strong>,&nbsp;<strong>Ivan Magud<\/strong>,&nbsp;<strong>Marija Jernei\u0107<\/strong> te \u010dlanovi komedijina plesnog ansambla <strong>Roman Vran\u010di\u0107<\/strong>,&nbsp;<strong>Emil Kuzminski<\/strong>,&nbsp;<strong>Roko \u0160a\u0161i\u0107<\/strong>&nbsp;i&nbsp;<strong>Karlo Topolovec<\/strong>. Najave je pro\u010ditao&nbsp;<strong>Dra\u017een Bratuli\u0107<\/strong>, a u predstavi sudjeluju \u010dlanovi orkestra kazali\u0161ta Komedija.<\/p>\n<p>Prijevod potpisuje <strong>Mirna \u010cubrani\u0107<\/strong>, a tekst je adaptirala <strong>Ivana Vukovi\u0107<\/strong>. Autorski tim uz redateljicu \u010dine scenograf <strong>Stefano Katunar<\/strong>, kostimografkinja <strong>Petra Pavi\u010di\u0107<\/strong>, autor glazbe <strong>Ivan Josip Skender<\/strong>, koreografkinja <strong>Silvia Marchig<\/strong>, dizajner svjetla <strong>Toni Modru\u0161an<\/strong>. Lektor je <strong>Damir Lon\u010dar<\/strong>, korepetitor <strong>Tomislav Parma\u0107<\/strong>, a asistentica scenografa <strong>Paula Jak\u0161i\u0107<\/strong>.&nbsp;<\/p>\n<p>Redatelj i monta\u017eer filma je Lovro Mr\u0111en, direktor fotografije Neven Mureti\u0107, tonski snimatelji Adam Bla\u017e i Jan Gali\u0107, tonsku obradu potpisuje Vid Begi\u0107, a asistent kamere i rasvjetljiva\u010d je Vjekoslav Palini\u0107.<\/p>\n<p>Nakon obnove na\u0161eg kazali\u0161ta predstava <a href=\"https:\/\/www.komedija.hr\/www\/ponos-i-predrasude\/\"><strong>Ponos i predrasude<\/strong><\/a> igrat \u0107e u mati\u010dnoj ku\u0107i.<\/p>\n<p>Realizaciju ovog projekta potpomogli su Grad Zagreb i Muzej za umjetnost i obrt, na \u010demu zahvaljujemo.<\/p>\n<p>&nbsp;<\/p>\n","protected":false},"excerpt":{"rendered":"<p>No\u0107 uo\u010di 250. obljetnice ro\u0111enja slavne engleske spisateljice Jane Austen u Pala\u010di Dverce odr\u017eana je premijera predstave Ponos i predrasude &#8211; uvertira, nastale prema njezinom vjerojatno najpoznatijem romanu. Samo je nekoliko desetaka, to\u010dnije &#8211; trideset i petero ljudi nazo\u010dilo sino\u0107njoj premijernoj izvedbi predstave nastale prema romanu Ponos i predrasude Jane Austen. Tako \u0107e biti na [&hellip;]<\/p>\n","protected":false},"author":5,"featured_media":21416,"comment_status":"closed","ping_status":"open","sticky":false,"template":"","format":"standard","meta":{"ngg_post_thumbnail":0,"footnotes":""},"categories":[24,1],"tags":[],"class_list":["post-21415","post","type-post","status-publish","format-standard","has-post-thumbnail","hentry","category-novosti","category-uncategorized"],"yoast_head":"<!-- This site is optimized with the Yoast SEO plugin v27.5 - https:\/\/yoast.com\/product\/yoast-seo-wordpress\/ -->\n<title>U Pala\u010di Dverce odr\u017eana premijera predstave &quot;Ponos i predrasude - uvertira&quot; - Kazali\u0161te Komedija<\/title>\n<meta name=\"robots\" content=\"index, follow, max-snippet:-1, max-image-preview:large, max-video-preview:-1\" \/>\n<link rel=\"canonical\" href=\"https:\/\/www.komedija.hr\/www\/u-palaci-dverce-odrzana-premijera-predstave-ponos-i-predrasude-uvertira\/\" \/>\n<meta property=\"og:locale\" content=\"hr_HR\" \/>\n<meta property=\"og:type\" content=\"article\" \/>\n<meta property=\"og:title\" content=\"U Pala\u010di Dverce odr\u017eana premijera predstave &quot;Ponos i predrasude - uvertira&quot; - Kazali\u0161te Komedija\" \/>\n<meta property=\"og:description\" content=\"No\u0107 uo\u010di 250. obljetnice ro\u0111enja slavne engleske spisateljice Jane Austen u Pala\u010di Dverce odr\u017eana je premijera predstave Ponos i predrasude &#8211; uvertira, nastale prema njezinom vjerojatno najpoznatijem romanu. Samo je nekoliko desetaka, to\u010dnije &#8211; trideset i petero ljudi nazo\u010dilo sino\u0107njoj premijernoj izvedbi predstave nastale prema romanu Ponos i predrasude Jane Austen. Tako \u0107e biti na [&hellip;]\" \/>\n<meta property=\"og:url\" content=\"https:\/\/www.komedija.hr\/www\/u-palaci-dverce-odrzana-premijera-predstave-ponos-i-predrasude-uvertira\/\" \/>\n<meta property=\"og:site_name\" content=\"Kazali\u0161te Komedija\" \/>\n<meta property=\"article:publisher\" content=\"https:\/\/www.facebook.com\/kazaliste.komedija\/\" \/>\n<meta property=\"article:published_time\" content=\"2025-12-16T20:45:32+00:00\" \/>\n<meta property=\"article:modified_time\" content=\"2025-12-16T20:55:13+00:00\" \/>\n<meta property=\"og:image\" content=\"https:\/\/www.komedija.hr\/www\/wp-content\/uploads\/2025\/12\/E21_0169-scaled.jpg\" \/>\n\t<meta property=\"og:image:width\" content=\"2560\" \/>\n\t<meta property=\"og:image:height\" content=\"1706\" \/>\n\t<meta property=\"og:image:type\" content=\"image\/jpeg\" \/>\n<meta name=\"author\" content=\"Kazali\u0161te Komedija\" \/>\n<meta name=\"twitter:card\" content=\"summary_large_image\" \/>\n<meta name=\"twitter:creator\" content=\"@KKomedija\" \/>\n<meta name=\"twitter:site\" content=\"@KKomedija\" \/>\n<meta name=\"twitter:label1\" content=\"Napisao\/la\" \/>\n\t<meta name=\"twitter:data1\" content=\"Kazali\u0161te Komedija\" \/>\n\t<meta name=\"twitter:label2\" content=\"Procijenjeno vrijeme \u010ditanja\" \/>\n\t<meta name=\"twitter:data2\" content=\"2 minute\" \/>\n<script type=\"application\/ld+json\" class=\"yoast-schema-graph\">{\"@context\":\"https:\\\/\\\/schema.org\",\"@graph\":[{\"@type\":\"Article\",\"@id\":\"https:\\\/\\\/www.komedija.hr\\\/www\\\/u-palaci-dverce-odrzana-premijera-predstave-ponos-i-predrasude-uvertira\\\/#article\",\"isPartOf\":{\"@id\":\"https:\\\/\\\/www.komedija.hr\\\/www\\\/u-palaci-dverce-odrzana-premijera-predstave-ponos-i-predrasude-uvertira\\\/\"},\"author\":{\"name\":\"Kazali\u0161te Komedija\",\"@id\":\"http:\\\/\\\/www.komedija.hr\\\/www\\\/#\\\/schema\\\/person\\\/be2d51458592490cb276f8c0f60c66d0\"},\"headline\":\"U Pala\u010di Dverce odr\u017eana premijera predstave &#8220;Ponos i predrasude &#8211; uvertira&#8221;\",\"datePublished\":\"2025-12-16T20:45:32+00:00\",\"dateModified\":\"2025-12-16T20:55:13+00:00\",\"mainEntityOfPage\":{\"@id\":\"https:\\\/\\\/www.komedija.hr\\\/www\\\/u-palaci-dverce-odrzana-premijera-predstave-ponos-i-predrasude-uvertira\\\/\"},\"wordCount\":379,\"publisher\":{\"@id\":\"http:\\\/\\\/www.komedija.hr\\\/www\\\/#organization\"},\"image\":{\"@id\":\"https:\\\/\\\/www.komedija.hr\\\/www\\\/u-palaci-dverce-odrzana-premijera-predstave-ponos-i-predrasude-uvertira\\\/#primaryimage\"},\"thumbnailUrl\":\"https:\\\/\\\/www.komedija.hr\\\/www\\\/wp-content\\\/uploads\\\/2025\\\/12\\\/E21_0169-scaled.jpg\",\"articleSection\":[\"Novosti\",\"Uncategorized\"],\"inLanguage\":\"hr\"},{\"@type\":\"WebPage\",\"@id\":\"https:\\\/\\\/www.komedija.hr\\\/www\\\/u-palaci-dverce-odrzana-premijera-predstave-ponos-i-predrasude-uvertira\\\/\",\"url\":\"https:\\\/\\\/www.komedija.hr\\\/www\\\/u-palaci-dverce-odrzana-premijera-predstave-ponos-i-predrasude-uvertira\\\/\",\"name\":\"U Pala\u010di Dverce odr\u017eana premijera predstave \\\"Ponos i predrasude - uvertira\\\" - Kazali\u0161te Komedija\",\"isPartOf\":{\"@id\":\"http:\\\/\\\/www.komedija.hr\\\/www\\\/#website\"},\"primaryImageOfPage\":{\"@id\":\"https:\\\/\\\/www.komedija.hr\\\/www\\\/u-palaci-dverce-odrzana-premijera-predstave-ponos-i-predrasude-uvertira\\\/#primaryimage\"},\"image\":{\"@id\":\"https:\\\/\\\/www.komedija.hr\\\/www\\\/u-palaci-dverce-odrzana-premijera-predstave-ponos-i-predrasude-uvertira\\\/#primaryimage\"},\"thumbnailUrl\":\"https:\\\/\\\/www.komedija.hr\\\/www\\\/wp-content\\\/uploads\\\/2025\\\/12\\\/E21_0169-scaled.jpg\",\"datePublished\":\"2025-12-16T20:45:32+00:00\",\"dateModified\":\"2025-12-16T20:55:13+00:00\",\"breadcrumb\":{\"@id\":\"https:\\\/\\\/www.komedija.hr\\\/www\\\/u-palaci-dverce-odrzana-premijera-predstave-ponos-i-predrasude-uvertira\\\/#breadcrumb\"},\"inLanguage\":\"hr\",\"potentialAction\":[{\"@type\":\"ReadAction\",\"target\":[\"https:\\\/\\\/www.komedija.hr\\\/www\\\/u-palaci-dverce-odrzana-premijera-predstave-ponos-i-predrasude-uvertira\\\/\"]}]},{\"@type\":\"ImageObject\",\"inLanguage\":\"hr\",\"@id\":\"https:\\\/\\\/www.komedija.hr\\\/www\\\/u-palaci-dverce-odrzana-premijera-predstave-ponos-i-predrasude-uvertira\\\/#primaryimage\",\"url\":\"https:\\\/\\\/www.komedija.hr\\\/www\\\/wp-content\\\/uploads\\\/2025\\\/12\\\/E21_0169-scaled.jpg\",\"contentUrl\":\"https:\\\/\\\/www.komedija.hr\\\/www\\\/wp-content\\\/uploads\\\/2025\\\/12\\\/E21_0169-scaled.jpg\",\"width\":2560,\"height\":1706,\"caption\":\"Created by PhotoWatermark Professional\"},{\"@type\":\"BreadcrumbList\",\"@id\":\"https:\\\/\\\/www.komedija.hr\\\/www\\\/u-palaci-dverce-odrzana-premijera-predstave-ponos-i-predrasude-uvertira\\\/#breadcrumb\",\"itemListElement\":[{\"@type\":\"ListItem\",\"position\":1,\"name\":\"Po\u010detna stranica\",\"item\":\"http:\\\/\\\/www.komedija.hr\\\/www\\\/\"},{\"@type\":\"ListItem\",\"position\":2,\"name\":\"U Pala\u010di Dverce odr\u017eana premijera predstave &#8220;Ponos i predrasude &#8211; uvertira&#8221;\"}]},{\"@type\":\"WebSite\",\"@id\":\"http:\\\/\\\/www.komedija.hr\\\/www\\\/#website\",\"url\":\"http:\\\/\\\/www.komedija.hr\\\/www\\\/\",\"name\":\"Kazali\u0161te Komedija\",\"description\":\"\",\"publisher\":{\"@id\":\"http:\\\/\\\/www.komedija.hr\\\/www\\\/#organization\"},\"potentialAction\":[{\"@type\":\"SearchAction\",\"target\":{\"@type\":\"EntryPoint\",\"urlTemplate\":\"http:\\\/\\\/www.komedija.hr\\\/www\\\/?s={search_term_string}\"},\"query-input\":{\"@type\":\"PropertyValueSpecification\",\"valueRequired\":true,\"valueName\":\"search_term_string\"}}],\"inLanguage\":\"hr\"},{\"@type\":\"Organization\",\"@id\":\"http:\\\/\\\/www.komedija.hr\\\/www\\\/#organization\",\"name\":\"Zagreba\u010dko gradsko Kazali\u0161ta Komedija\",\"url\":\"http:\\\/\\\/www.komedija.hr\\\/www\\\/\",\"logo\":{\"@type\":\"ImageObject\",\"inLanguage\":\"hr\",\"@id\":\"http:\\\/\\\/www.komedija.hr\\\/www\\\/#\\\/schema\\\/logo\\\/image\\\/\",\"url\":\"https:\\\/\\\/www.komedija.hr\\\/www\\\/wp-content\\\/uploads\\\/2020\\\/02\\\/cropped-Kazaliste_Komedija_logo_2.png\",\"contentUrl\":\"https:\\\/\\\/www.komedija.hr\\\/www\\\/wp-content\\\/uploads\\\/2020\\\/02\\\/cropped-Kazaliste_Komedija_logo_2.png\",\"width\":512,\"height\":512,\"caption\":\"Zagreba\u010dko gradsko Kazali\u0161ta Komedija\"},\"image\":{\"@id\":\"http:\\\/\\\/www.komedija.hr\\\/www\\\/#\\\/schema\\\/logo\\\/image\\\/\"},\"sameAs\":[\"https:\\\/\\\/www.facebook.com\\\/kazaliste.komedija\\\/\",\"https:\\\/\\\/x.com\\\/KKomedija\",\"https:\\\/\\\/www.instagram.com\\\/kazaliste_komedija\\\/\",\"https:\\\/\\\/www.youtube.com\\\/channel\\\/UC1NcapMYUXJW3miW_oPxT5w\\\/videos\"]},{\"@type\":\"Person\",\"@id\":\"http:\\\/\\\/www.komedija.hr\\\/www\\\/#\\\/schema\\\/person\\\/be2d51458592490cb276f8c0f60c66d0\",\"name\":\"Kazali\u0161te Komedija\",\"image\":{\"@type\":\"ImageObject\",\"inLanguage\":\"hr\",\"@id\":\"https:\\\/\\\/secure.gravatar.com\\\/avatar\\\/1ff423d5936bdcb26b34797508bf0c78b326263ff5a1a3516112e07f645aea8c?s=96&d=mm&r=g\",\"url\":\"https:\\\/\\\/secure.gravatar.com\\\/avatar\\\/1ff423d5936bdcb26b34797508bf0c78b326263ff5a1a3516112e07f645aea8c?s=96&d=mm&r=g\",\"contentUrl\":\"https:\\\/\\\/secure.gravatar.com\\\/avatar\\\/1ff423d5936bdcb26b34797508bf0c78b326263ff5a1a3516112e07f645aea8c?s=96&d=mm&r=g\",\"caption\":\"Kazali\u0161te Komedija\"},\"url\":\"https:\\\/\\\/www.komedija.hr\\\/www\\\/author\\\/erika\\\/\"}]}<\/script>\n<!-- \/ Yoast SEO plugin. -->","yoast_head_json":{"title":"U Pala\u010di Dverce odr\u017eana premijera predstave \"Ponos i predrasude - uvertira\" - Kazali\u0161te Komedija","robots":{"index":"index","follow":"follow","max-snippet":"max-snippet:-1","max-image-preview":"max-image-preview:large","max-video-preview":"max-video-preview:-1"},"canonical":"https:\/\/www.komedija.hr\/www\/u-palaci-dverce-odrzana-premijera-predstave-ponos-i-predrasude-uvertira\/","og_locale":"hr_HR","og_type":"article","og_title":"U Pala\u010di Dverce odr\u017eana premijera predstave \"Ponos i predrasude - uvertira\" - Kazali\u0161te Komedija","og_description":"No\u0107 uo\u010di 250. obljetnice ro\u0111enja slavne engleske spisateljice Jane Austen u Pala\u010di Dverce odr\u017eana je premijera predstave Ponos i predrasude &#8211; uvertira, nastale prema njezinom vjerojatno najpoznatijem romanu. Samo je nekoliko desetaka, to\u010dnije &#8211; trideset i petero ljudi nazo\u010dilo sino\u0107njoj premijernoj izvedbi predstave nastale prema romanu Ponos i predrasude Jane Austen. Tako \u0107e biti na [&hellip;]","og_url":"https:\/\/www.komedija.hr\/www\/u-palaci-dverce-odrzana-premijera-predstave-ponos-i-predrasude-uvertira\/","og_site_name":"Kazali\u0161te Komedija","article_publisher":"https:\/\/www.facebook.com\/kazaliste.komedija\/","article_published_time":"2025-12-16T20:45:32+00:00","article_modified_time":"2025-12-16T20:55:13+00:00","og_image":[{"width":2560,"height":1706,"url":"https:\/\/www.komedija.hr\/www\/wp-content\/uploads\/2025\/12\/E21_0169-scaled.jpg","type":"image\/jpeg"}],"author":"Kazali\u0161te Komedija","twitter_card":"summary_large_image","twitter_creator":"@KKomedija","twitter_site":"@KKomedija","twitter_misc":{"Napisao\/la":"Kazali\u0161te Komedija","Procijenjeno vrijeme \u010ditanja":"2 minute"},"schema":{"@context":"https:\/\/schema.org","@graph":[{"@type":"Article","@id":"https:\/\/www.komedija.hr\/www\/u-palaci-dverce-odrzana-premijera-predstave-ponos-i-predrasude-uvertira\/#article","isPartOf":{"@id":"https:\/\/www.komedija.hr\/www\/u-palaci-dverce-odrzana-premijera-predstave-ponos-i-predrasude-uvertira\/"},"author":{"name":"Kazali\u0161te Komedija","@id":"http:\/\/www.komedija.hr\/www\/#\/schema\/person\/be2d51458592490cb276f8c0f60c66d0"},"headline":"U Pala\u010di Dverce odr\u017eana premijera predstave &#8220;Ponos i predrasude &#8211; uvertira&#8221;","datePublished":"2025-12-16T20:45:32+00:00","dateModified":"2025-12-16T20:55:13+00:00","mainEntityOfPage":{"@id":"https:\/\/www.komedija.hr\/www\/u-palaci-dverce-odrzana-premijera-predstave-ponos-i-predrasude-uvertira\/"},"wordCount":379,"publisher":{"@id":"http:\/\/www.komedija.hr\/www\/#organization"},"image":{"@id":"https:\/\/www.komedija.hr\/www\/u-palaci-dverce-odrzana-premijera-predstave-ponos-i-predrasude-uvertira\/#primaryimage"},"thumbnailUrl":"https:\/\/www.komedija.hr\/www\/wp-content\/uploads\/2025\/12\/E21_0169-scaled.jpg","articleSection":["Novosti","Uncategorized"],"inLanguage":"hr"},{"@type":"WebPage","@id":"https:\/\/www.komedija.hr\/www\/u-palaci-dverce-odrzana-premijera-predstave-ponos-i-predrasude-uvertira\/","url":"https:\/\/www.komedija.hr\/www\/u-palaci-dverce-odrzana-premijera-predstave-ponos-i-predrasude-uvertira\/","name":"U Pala\u010di Dverce odr\u017eana premijera predstave \"Ponos i predrasude - uvertira\" - Kazali\u0161te Komedija","isPartOf":{"@id":"http:\/\/www.komedija.hr\/www\/#website"},"primaryImageOfPage":{"@id":"https:\/\/www.komedija.hr\/www\/u-palaci-dverce-odrzana-premijera-predstave-ponos-i-predrasude-uvertira\/#primaryimage"},"image":{"@id":"https:\/\/www.komedija.hr\/www\/u-palaci-dverce-odrzana-premijera-predstave-ponos-i-predrasude-uvertira\/#primaryimage"},"thumbnailUrl":"https:\/\/www.komedija.hr\/www\/wp-content\/uploads\/2025\/12\/E21_0169-scaled.jpg","datePublished":"2025-12-16T20:45:32+00:00","dateModified":"2025-12-16T20:55:13+00:00","breadcrumb":{"@id":"https:\/\/www.komedija.hr\/www\/u-palaci-dverce-odrzana-premijera-predstave-ponos-i-predrasude-uvertira\/#breadcrumb"},"inLanguage":"hr","potentialAction":[{"@type":"ReadAction","target":["https:\/\/www.komedija.hr\/www\/u-palaci-dverce-odrzana-premijera-predstave-ponos-i-predrasude-uvertira\/"]}]},{"@type":"ImageObject","inLanguage":"hr","@id":"https:\/\/www.komedija.hr\/www\/u-palaci-dverce-odrzana-premijera-predstave-ponos-i-predrasude-uvertira\/#primaryimage","url":"https:\/\/www.komedija.hr\/www\/wp-content\/uploads\/2025\/12\/E21_0169-scaled.jpg","contentUrl":"https:\/\/www.komedija.hr\/www\/wp-content\/uploads\/2025\/12\/E21_0169-scaled.jpg","width":2560,"height":1706,"caption":"Created by PhotoWatermark Professional"},{"@type":"BreadcrumbList","@id":"https:\/\/www.komedija.hr\/www\/u-palaci-dverce-odrzana-premijera-predstave-ponos-i-predrasude-uvertira\/#breadcrumb","itemListElement":[{"@type":"ListItem","position":1,"name":"Po\u010detna stranica","item":"http:\/\/www.komedija.hr\/www\/"},{"@type":"ListItem","position":2,"name":"U Pala\u010di Dverce odr\u017eana premijera predstave &#8220;Ponos i predrasude &#8211; uvertira&#8221;"}]},{"@type":"WebSite","@id":"http:\/\/www.komedija.hr\/www\/#website","url":"http:\/\/www.komedija.hr\/www\/","name":"Kazali\u0161te Komedija","description":"","publisher":{"@id":"http:\/\/www.komedija.hr\/www\/#organization"},"potentialAction":[{"@type":"SearchAction","target":{"@type":"EntryPoint","urlTemplate":"http:\/\/www.komedija.hr\/www\/?s={search_term_string}"},"query-input":{"@type":"PropertyValueSpecification","valueRequired":true,"valueName":"search_term_string"}}],"inLanguage":"hr"},{"@type":"Organization","@id":"http:\/\/www.komedija.hr\/www\/#organization","name":"Zagreba\u010dko gradsko Kazali\u0161ta Komedija","url":"http:\/\/www.komedija.hr\/www\/","logo":{"@type":"ImageObject","inLanguage":"hr","@id":"http:\/\/www.komedija.hr\/www\/#\/schema\/logo\/image\/","url":"https:\/\/www.komedija.hr\/www\/wp-content\/uploads\/2020\/02\/cropped-Kazaliste_Komedija_logo_2.png","contentUrl":"https:\/\/www.komedija.hr\/www\/wp-content\/uploads\/2020\/02\/cropped-Kazaliste_Komedija_logo_2.png","width":512,"height":512,"caption":"Zagreba\u010dko gradsko Kazali\u0161ta Komedija"},"image":{"@id":"http:\/\/www.komedija.hr\/www\/#\/schema\/logo\/image\/"},"sameAs":["https:\/\/www.facebook.com\/kazaliste.komedija\/","https:\/\/x.com\/KKomedija","https:\/\/www.instagram.com\/kazaliste_komedija\/","https:\/\/www.youtube.com\/channel\/UC1NcapMYUXJW3miW_oPxT5w\/videos"]},{"@type":"Person","@id":"http:\/\/www.komedija.hr\/www\/#\/schema\/person\/be2d51458592490cb276f8c0f60c66d0","name":"Kazali\u0161te Komedija","image":{"@type":"ImageObject","inLanguage":"hr","@id":"https:\/\/secure.gravatar.com\/avatar\/1ff423d5936bdcb26b34797508bf0c78b326263ff5a1a3516112e07f645aea8c?s=96&d=mm&r=g","url":"https:\/\/secure.gravatar.com\/avatar\/1ff423d5936bdcb26b34797508bf0c78b326263ff5a1a3516112e07f645aea8c?s=96&d=mm&r=g","contentUrl":"https:\/\/secure.gravatar.com\/avatar\/1ff423d5936bdcb26b34797508bf0c78b326263ff5a1a3516112e07f645aea8c?s=96&d=mm&r=g","caption":"Kazali\u0161te Komedija"},"url":"https:\/\/www.komedija.hr\/www\/author\/erika\/"}]}},"_links":{"self":[{"href":"https:\/\/www.komedija.hr\/www\/wp-json\/wp\/v2\/posts\/21415","targetHints":{"allow":["GET"]}}],"collection":[{"href":"https:\/\/www.komedija.hr\/www\/wp-json\/wp\/v2\/posts"}],"about":[{"href":"https:\/\/www.komedija.hr\/www\/wp-json\/wp\/v2\/types\/post"}],"author":[{"embeddable":true,"href":"https:\/\/www.komedija.hr\/www\/wp-json\/wp\/v2\/users\/5"}],"replies":[{"embeddable":true,"href":"https:\/\/www.komedija.hr\/www\/wp-json\/wp\/v2\/comments?post=21415"}],"version-history":[{"count":2,"href":"https:\/\/www.komedija.hr\/www\/wp-json\/wp\/v2\/posts\/21415\/revisions"}],"predecessor-version":[{"id":21419,"href":"https:\/\/www.komedija.hr\/www\/wp-json\/wp\/v2\/posts\/21415\/revisions\/21419"}],"wp:featuredmedia":[{"embeddable":true,"href":"https:\/\/www.komedija.hr\/www\/wp-json\/wp\/v2\/media\/21416"}],"wp:attachment":[{"href":"https:\/\/www.komedija.hr\/www\/wp-json\/wp\/v2\/media?parent=21415"}],"wp:term":[{"taxonomy":"category","embeddable":true,"href":"https:\/\/www.komedija.hr\/www\/wp-json\/wp\/v2\/categories?post=21415"},{"taxonomy":"post_tag","embeddable":true,"href":"https:\/\/www.komedija.hr\/www\/wp-json\/wp\/v2\/tags?post=21415"}],"curies":[{"name":"wp","href":"https:\/\/api.w.org\/{rel}","templated":true}]}}